{"id":12334,"date":"2012-05-23T12:12:40","date_gmt":"2012-05-23T16:12:40","guid":{"rendered":"http:\/\/researchimpact.ydsinc.ca\/governor-general-returns-to-waterloo-for-keynote-address\/"},"modified":"2021-11-23T16:40:36","modified_gmt":"2021-11-23T21:40:36","slug":"governor-general-returns-to-waterloo-for-keynote-address","status":"publish","type":"post","link":"https:\/\/researchimpact.ca\/fr\/archive\/governor-general-returns-to-waterloo-for-keynote-address\/","title":{"rendered":"Governor General Returns to Waterloo for Keynote Address \/ Le gouverneur g\u00e9n\u00e9ral revient \u00e0 Waterloo pour une allocution"},"content":{"rendered":"<p><em>University of Waterloo is known more for industry-associated innovation despite many local community engaged initiatives. But when the Governor General returns to the university where he used to be President he will be speaking on collaboration for social innovation thanks in part to RIR.<\/em><br \/>\n<em>L&rsquo;Universit\u00e9 de Waterloo est plus connue pour l\u2018innovation associ\u00e9e \u00e0 l\u2019industrie, malgr\u00e9 de nombreuses initiatives communautaires locales engag\u00e9es. Mais lorsque le gouverneur g\u00e9n\u00e9ral du Canada revient \u00e0 l&rsquo;universit\u00e9 qu\u2019il pr\u00e9sidait, il s\u2019exprime sur la collaboration au service de l&rsquo;innovation sociale, gr\u00e2ce, entre autres, au RIR.<\/em><br \/>\n<a href=\"http:\/\/researchimpact.files.wordpress.com\/2012\/05\/gg-masthead_eng1.jpg\"><img loading=\"lazy\" decoding=\"async\" class=\"aligncenter size-full wp-image-4857\" title=\"GG masthead_eng\" src=\"http:\/\/researchimpact.files.wordpress.com\/2012\/05\/gg-masthead_eng1.jpg\" alt=\"\" width=\"655\" height=\"59\" \/><\/a><br \/>\nLed by York University, ResearchImpact-R\u00e9seauImpactRecherche (RIR) has exhibited at Congress every year since 2007 \u2013 see our post cards and other reports from Congress 2011 <a href=\"http:\/\/researchimpact.wordpress.com\/tag\/congress\/\">posted<\/a> on Mobilize This! This year Congress is in Waterloo and will be opened by His Excellency, the Right Honourable David Johnston, Governor General of Canada. Nice indeed but what does he have to do with knowledge mobilization? This year, a lot.<br \/>\nAs <a href=\"http:\/\/congress2012.ca\/features\/governor-general\/\">announced<\/a> on May 3, 2012, by the Canadian Federation of Humanities and Social Sciences (CFHSS, organizers of Congress), \u201cThe Governor General <a href=\"http:\/\/researchimpact.files.wordpress.com\/2012\/05\/gg2010-0555-001_web1.jpg\"><img loading=\"lazy\" decoding=\"async\" class=\"alignright size-medium wp-image-4861\" style=\"margin:5px;\" title=\"His Excellency, the Right Honourable David Johnston, Governor General of Canada\" src=\"http:\/\/researchimpact.files.wordpress.com\/2012\/05\/gg2010-0555-001_web1.jpg?w=214\" alt=\"\" width=\"214\" height=\"300\" \/><\/a>believes that the creation and sharing of knowledge is critical if we are to effectively and equitably address today\u2019s complex, global issues. It is hoped that the discussion of cross-sector collaboration and social innovation at Congress 2012 will encourage students, researchers, employees and citizens alike, as we strive for greater prosperity and quality of life for all.\u201d \u00a0CFHSS\u2019s announcement also referenced RIR. \u201cCFHSS has been working with the <a href=\"http:\/\/www2.unitedway.ca\/uwcanada\/default.aspx\" target=\"_blank\" rel=\"noopener\">United Way of Canada<\/a>, the <a href=\"http:\/\/www.sshrc-crsh.gc.ca\/Default.aspx\" target=\"_blank\" rel=\"noopener\">Social Sciences and Humanities Research Council<\/a> and<a href=\"https:\/\/researchimpact.ca\" target=\"_blank\" rel=\"noopener\"> ResearchImpact<\/a>, which are engaged in a joint project, the Community-Campus Connections (CCC) Initiative. Its purpose is to support a culture of collaboration and to marry the resources of communities with those of post-secondary institutions to address persistent social and economic challenges Canadians face today\u201d.<br \/>\nCommunity-campus collaborations. Cross sector collaboration. Social Innovation. All very knowledge mobilization. His Excellency will be opening Congress with a Big Thinking lecture that will be informed, in part, by the work of the CCC Initiative, a year-long collaboration by York University on behalf of RIR, SSHRC and United Way-Centraide Canada. We are delighted that His Excellency will be speaking on this topic as he opens Congress 2012.<br \/>\nRIR will be there and you will receive daily post cards from Congress posted on this blog.<\/p>\n","protected":false},"excerpt":{"rendered":"<p>University of Waterloo is known more for industry-associated innovation despite many local community engaged initiatives. But when the Governor General returns to the university where he used to be President he will be speaking on collaboration for social innovation thanks in part to RIR. L&rsquo;Universit\u00e9 de Waterloo est plus connue pour l\u2018innovation associ\u00e9e \u00e0 l\u2019industrie, [&#8230;]<\/p>\n<p><a class=\"btn btn-secondary understrap-read-more-link\" href=\"https:\/\/researchimpact.ca\/fr\/archive\/governor-general-returns-to-waterloo-for-keynote-address\/\">Lire la suite\u2026<span class=\"screen-reader-text\"> from Governor General Returns to Waterloo for Keynote Address \/ Le gouverneur g\u00e9n\u00e9ral revient \u00e0 Waterloo pour une allocution<\/span><\/a><\/p>\n","protected":false},"author":22,"featured_media":0,"comment_status":"open","ping_status":"open","sticky":false,"template":"","format":"standard","meta":{"_acf_changed":false,"footnotes":""},"categories":[2386],"tags":[1529,1688,1525,1997,1994],"class_list":["post-12334","post","type-post","status-publish","format-standard","hentry","category-archive","tag-congress-fr-2","tag-governor-general-fr-2","tag-sshrc-fr-2","tag-united-way-fr-2","tag-uwcc-fr-2"],"acf":[],"yoast_head":"<!-- This site is optimized with the Yoast SEO plugin v28.2 - https:\/\/yoast.com\/product\/yoast-seo-wordpress\/ -->\n<title>Governor General Returns to Waterloo for Keynote Address \/ Le gouverneur g\u00e9n\u00e9ral revient \u00e0 Waterloo pour une allocution - Research Impact Canada<\/title>\n<meta name=\"robots\" content=\"index, follow, max-snippet:-1, max-image-preview:large, max-video-preview:-1\" \/>\n<link rel=\"canonical\" href=\"https:\/\/researchimpact.ca\/fr\/archive\/governor-general-returns-to-waterloo-for-keynote-address\/\" \/>\n<meta property=\"og:locale\" content=\"fr_FR\" \/>\n<meta property=\"og:type\" content=\"article\" \/>\n<meta property=\"og:title\" content=\"Governor General Returns to Waterloo for Keynote Address \/ Le gouverneur g\u00e9n\u00e9ral revient \u00e0 Waterloo pour une allocution - Research Impact Canada\" \/>\n<meta property=\"og:description\" content=\"University of Waterloo is known more for industry-associated innovation despite many local community engaged initiatives. But when the Governor General returns to the university where he used to be President he will be speaking on collaboration for social innovation thanks in part to RIR. L&rsquo;Universit\u00e9 de Waterloo est plus connue pour l\u2018innovation associ\u00e9e \u00e0 l\u2019industrie, [...]Lire la suite\u2026 from Governor General Returns to Waterloo for Keynote Address \/ Le gouverneur g\u00e9n\u00e9ral revient \u00e0 Waterloo pour une allocution\" \/>\n<meta property=\"og:url\" content=\"https:\/\/researchimpact.ca\/fr\/archive\/governor-general-returns-to-waterloo-for-keynote-address\/\" \/>\n<meta property=\"og:site_name\" content=\"Research Impact Canada\" \/>\n<meta property=\"article:published_time\" content=\"2012-05-23T16:12:40+00:00\" \/>\n<meta property=\"article:modified_time\" content=\"2021-11-23T21:40:36+00:00\" \/>\n<meta property=\"og:image\" content=\"http:\/\/researchimpact.files.wordpress.com\/2012\/05\/gg-masthead_eng1.jpg\" \/>\n<meta name=\"author\" content=\"Connie Tang\" \/>\n<meta name=\"twitter:card\" content=\"summary_large_image\" \/>\n<meta name=\"twitter:label1\" content=\"\u00c9crit par\" \/>\n\t<meta name=\"twitter:data1\" content=\"Connie Tang\" \/>\n\t<meta name=\"twitter:label2\" content=\"Dur\u00e9e de lecture estim\u00e9e\" \/>\n\t<meta name=\"twitter:data2\" content=\"2 minutes\" \/>\n<script type=\"application\/ld+json\" class=\"yoast-schema-graph\">{\"@context\":\"https:\\\/\\\/schema.org\",\"@graph\":[{\"@type\":\"Article\",\"@id\":\"https:\\\/\\\/researchimpact.ca\\\/fr\\\/archive\\\/governor-general-returns-to-waterloo-for-keynote-address\\\/#article\",\"isPartOf\":{\"@id\":\"https:\\\/\\\/researchimpact.ca\\\/fr\\\/archive\\\/governor-general-returns-to-waterloo-for-keynote-address\\\/\"},\"author\":{\"name\":\"Connie Tang\",\"@id\":\"https:\\\/\\\/researchimpact.ca\\\/fr\\\/#\\\/schema\\\/person\\\/394e3b399bbe436d094e028d9c00962d\"},\"headline\":\"Governor General Returns to Waterloo for Keynote Address \\\/ Le gouverneur g\u00e9n\u00e9ral revient \u00e0 Waterloo pour une allocution\",\"datePublished\":\"2012-05-23T16:12:40+00:00\",\"dateModified\":\"2021-11-23T21:40:36+00:00\",\"mainEntityOfPage\":{\"@id\":\"https:\\\/\\\/researchimpact.ca\\\/fr\\\/archive\\\/governor-general-returns-to-waterloo-for-keynote-address\\\/\"},\"wordCount\":408,\"commentCount\":0,\"publisher\":{\"@id\":\"https:\\\/\\\/researchimpact.ca\\\/fr\\\/#organization\"},\"image\":{\"@id\":\"https:\\\/\\\/researchimpact.ca\\\/fr\\\/archive\\\/governor-general-returns-to-waterloo-for-keynote-address\\\/#primaryimage\"},\"thumbnailUrl\":\"http:\\\/\\\/researchimpact.files.wordpress.com\\\/2012\\\/05\\\/gg-masthead_eng1.jpg\",\"keywords\":[\"Congress\",\"Governor General\",\"SSHRC\",\"United Way\",\"UWCC\"],\"articleSection\":[\"Archiv\u00e9\"],\"inLanguage\":\"fr-FR\",\"potentialAction\":[{\"@type\":\"CommentAction\",\"name\":\"Comment\",\"target\":[\"https:\\\/\\\/researchimpact.ca\\\/fr\\\/archive\\\/governor-general-returns-to-waterloo-for-keynote-address\\\/#respond\"]}]},{\"@type\":\"WebPage\",\"@id\":\"https:\\\/\\\/researchimpact.ca\\\/fr\\\/archive\\\/governor-general-returns-to-waterloo-for-keynote-address\\\/\",\"url\":\"https:\\\/\\\/researchimpact.ca\\\/fr\\\/archive\\\/governor-general-returns-to-waterloo-for-keynote-address\\\/\",\"name\":\"Governor General Returns to Waterloo for Keynote Address \\\/ Le gouverneur g\u00e9n\u00e9ral revient \u00e0 Waterloo pour une allocution - Research Impact Canada\",\"isPartOf\":{\"@id\":\"https:\\\/\\\/researchimpact.ca\\\/fr\\\/#website\"},\"primaryImageOfPage\":{\"@id\":\"https:\\\/\\\/researchimpact.ca\\\/fr\\\/archive\\\/governor-general-returns-to-waterloo-for-keynote-address\\\/#primaryimage\"},\"image\":{\"@id\":\"https:\\\/\\\/researchimpact.ca\\\/fr\\\/archive\\\/governor-general-returns-to-waterloo-for-keynote-address\\\/#primaryimage\"},\"thumbnailUrl\":\"http:\\\/\\\/researchimpact.files.wordpress.com\\\/2012\\\/05\\\/gg-masthead_eng1.jpg\",\"datePublished\":\"2012-05-23T16:12:40+00:00\",\"dateModified\":\"2021-11-23T21:40:36+00:00\",\"breadcrumb\":{\"@id\":\"https:\\\/\\\/researchimpact.ca\\\/fr\\\/archive\\\/governor-general-returns-to-waterloo-for-keynote-address\\\/#breadcrumb\"},\"inLanguage\":\"fr-FR\",\"potentialAction\":[{\"@type\":\"ReadAction\",\"target\":[\"https:\\\/\\\/researchimpact.ca\\\/fr\\\/archive\\\/governor-general-returns-to-waterloo-for-keynote-address\\\/\"]}]},{\"@type\":\"ImageObject\",\"inLanguage\":\"fr-FR\",\"@id\":\"https:\\\/\\\/researchimpact.ca\\\/fr\\\/archive\\\/governor-general-returns-to-waterloo-for-keynote-address\\\/#primaryimage\",\"url\":\"http:\\\/\\\/researchimpact.files.wordpress.com\\\/2012\\\/05\\\/gg-masthead_eng1.jpg\",\"contentUrl\":\"http:\\\/\\\/researchimpact.files.wordpress.com\\\/2012\\\/05\\\/gg-masthead_eng1.jpg\"},{\"@type\":\"BreadcrumbList\",\"@id\":\"https:\\\/\\\/researchimpact.ca\\\/fr\\\/archive\\\/governor-general-returns-to-waterloo-for-keynote-address\\\/#breadcrumb\",\"itemListElement\":[{\"@type\":\"ListItem\",\"position\":1,\"name\":\"Home\",\"item\":\"https:\\\/\\\/researchimpact.ca\\\/fr\\\/accueil\\\/\"},{\"@type\":\"ListItem\",\"position\":2,\"name\":\"Governor General Returns to Waterloo for Keynote Address \\\/ Le gouverneur g\u00e9n\u00e9ral revient \u00e0 Waterloo pour une allocution\"}]},{\"@type\":\"WebSite\",\"@id\":\"https:\\\/\\\/researchimpact.ca\\\/fr\\\/#website\",\"url\":\"https:\\\/\\\/researchimpact.ca\\\/fr\\\/\",\"name\":\"Research Impact Canada\",\"description\":\"\",\"publisher\":{\"@id\":\"https:\\\/\\\/researchimpact.ca\\\/fr\\\/#organization\"},\"potentialAction\":[{\"@type\":\"SearchAction\",\"target\":{\"@type\":\"EntryPoint\",\"urlTemplate\":\"https:\\\/\\\/researchimpact.ca\\\/fr\\\/?s={search_term_string}\"},\"query-input\":{\"@type\":\"PropertyValueSpecification\",\"valueRequired\":true,\"valueName\":\"search_term_string\"}}],\"inLanguage\":\"fr-FR\"},{\"@type\":\"Organization\",\"@id\":\"https:\\\/\\\/researchimpact.ca\\\/fr\\\/#organization\",\"name\":\"Research Impact Canada\",\"url\":\"https:\\\/\\\/researchimpact.ca\\\/fr\\\/\",\"logo\":{\"@type\":\"ImageObject\",\"inLanguage\":\"fr-FR\",\"@id\":\"https:\\\/\\\/researchimpact.ca\\\/fr\\\/#\\\/schema\\\/logo\\\/image\\\/\",\"url\":\"https:\\\/\\\/researchimpact.ca\\\/wp-content\\\/uploads\\\/RIC-FR-CMYK.jpg\",\"contentUrl\":\"https:\\\/\\\/researchimpact.ca\\\/wp-content\\\/uploads\\\/RIC-FR-CMYK.jpg\",\"width\":286,\"height\":66,\"caption\":\"Research Impact Canada\"},\"image\":{\"@id\":\"https:\\\/\\\/researchimpact.ca\\\/fr\\\/#\\\/schema\\\/logo\\\/image\\\/\"}},{\"@type\":\"Person\",\"@id\":\"https:\\\/\\\/researchimpact.ca\\\/fr\\\/#\\\/schema\\\/person\\\/394e3b399bbe436d094e028d9c00962d\",\"name\":\"Connie Tang\",\"url\":\"https:\\\/\\\/researchimpact.ca\\\/fr\\\/author\\\/connie\\\/\"}]}<\/script>\n<!-- \/ Yoast SEO plugin. -->","yoast_head_json":{"title":"Governor General Returns to Waterloo for Keynote Address \/ Le gouverneur g\u00e9n\u00e9ral revient \u00e0 Waterloo pour une allocution - Research Impact Canada","robots":{"index":"index","follow":"follow","max-snippet":"max-snippet:-1","max-image-preview":"max-image-preview:large","max-video-preview":"max-video-preview:-1"},"canonical":"https:\/\/researchimpact.ca\/fr\/archive\/governor-general-returns-to-waterloo-for-keynote-address\/","og_locale":"fr_FR","og_type":"article","og_title":"Governor General Returns to Waterloo for Keynote Address \/ Le gouverneur g\u00e9n\u00e9ral revient \u00e0 Waterloo pour une allocution - Research Impact Canada","og_description":"University of Waterloo is known more for industry-associated innovation despite many local community engaged initiatives. But when the Governor General returns to the university where he used to be President he will be speaking on collaboration for social innovation thanks in part to RIR. L&rsquo;Universit\u00e9 de Waterloo est plus connue pour l\u2018innovation associ\u00e9e \u00e0 l\u2019industrie, [...]Lire la suite\u2026 from Governor General Returns to Waterloo for Keynote Address \/ Le gouverneur g\u00e9n\u00e9ral revient \u00e0 Waterloo pour une allocution","og_url":"https:\/\/researchimpact.ca\/fr\/archive\/governor-general-returns-to-waterloo-for-keynote-address\/","og_site_name":"Research Impact Canada","article_published_time":"2012-05-23T16:12:40+00:00","article_modified_time":"2021-11-23T21:40:36+00:00","og_image":[{"url":"http:\/\/researchimpact.files.wordpress.com\/2012\/05\/gg-masthead_eng1.jpg","type":"","width":"","height":""}],"author":"Connie Tang","twitter_card":"summary_large_image","twitter_misc":{"\u00c9crit par":"Connie Tang","Dur\u00e9e de lecture estim\u00e9e":"2 minutes"},"schema":{"@context":"https:\/\/schema.org","@graph":[{"@type":"Article","@id":"https:\/\/researchimpact.ca\/fr\/archive\/governor-general-returns-to-waterloo-for-keynote-address\/#article","isPartOf":{"@id":"https:\/\/researchimpact.ca\/fr\/archive\/governor-general-returns-to-waterloo-for-keynote-address\/"},"author":{"name":"Connie Tang","@id":"https:\/\/researchimpact.ca\/fr\/#\/schema\/person\/394e3b399bbe436d094e028d9c00962d"},"headline":"Governor General Returns to Waterloo for Keynote Address \/ Le gouverneur g\u00e9n\u00e9ral revient \u00e0 Waterloo pour une allocution","datePublished":"2012-05-23T16:12:40+00:00","dateModified":"2021-11-23T21:40:36+00:00","mainEntityOfPage":{"@id":"https:\/\/researchimpact.ca\/fr\/archive\/governor-general-returns-to-waterloo-for-keynote-address\/"},"wordCount":408,"commentCount":0,"publisher":{"@id":"https:\/\/researchimpact.ca\/fr\/#organization"},"image":{"@id":"https:\/\/researchimpact.ca\/fr\/archive\/governor-general-returns-to-waterloo-for-keynote-address\/#primaryimage"},"thumbnailUrl":"http:\/\/researchimpact.files.wordpress.com\/2012\/05\/gg-masthead_eng1.jpg","keywords":["Congress","Governor General","SSHRC","United Way","UWCC"],"articleSection":["Archiv\u00e9"],"inLanguage":"fr-FR","potentialAction":[{"@type":"CommentAction","name":"Comment","target":["https:\/\/researchimpact.ca\/fr\/archive\/governor-general-returns-to-waterloo-for-keynote-address\/#respond"]}]},{"@type":"WebPage","@id":"https:\/\/researchimpact.ca\/fr\/archive\/governor-general-returns-to-waterloo-for-keynote-address\/","url":"https:\/\/researchimpact.ca\/fr\/archive\/governor-general-returns-to-waterloo-for-keynote-address\/","name":"Governor General Returns to Waterloo for Keynote Address \/ Le gouverneur g\u00e9n\u00e9ral revient \u00e0 Waterloo pour une allocution - Research Impact Canada","isPartOf":{"@id":"https:\/\/researchimpact.ca\/fr\/#website"},"primaryImageOfPage":{"@id":"https:\/\/researchimpact.ca\/fr\/archive\/governor-general-returns-to-waterloo-for-keynote-address\/#primaryimage"},"image":{"@id":"https:\/\/researchimpact.ca\/fr\/archive\/governor-general-returns-to-waterloo-for-keynote-address\/#primaryimage"},"thumbnailUrl":"http:\/\/researchimpact.files.wordpress.com\/2012\/05\/gg-masthead_eng1.jpg","datePublished":"2012-05-23T16:12:40+00:00","dateModified":"2021-11-23T21:40:36+00:00","breadcrumb":{"@id":"https:\/\/researchimpact.ca\/fr\/archive\/governor-general-returns-to-waterloo-for-keynote-address\/#breadcrumb"},"inLanguage":"fr-FR","potentialAction":[{"@type":"ReadAction","target":["https:\/\/researchimpact.ca\/fr\/archive\/governor-general-returns-to-waterloo-for-keynote-address\/"]}]},{"@type":"ImageObject","inLanguage":"fr-FR","@id":"https:\/\/researchimpact.ca\/fr\/archive\/governor-general-returns-to-waterloo-for-keynote-address\/#primaryimage","url":"http:\/\/researchimpact.files.wordpress.com\/2012\/05\/gg-masthead_eng1.jpg","contentUrl":"http:\/\/researchimpact.files.wordpress.com\/2012\/05\/gg-masthead_eng1.jpg"},{"@type":"BreadcrumbList","@id":"https:\/\/researchimpact.ca\/fr\/archive\/governor-general-returns-to-waterloo-for-keynote-address\/#breadcrumb","itemListElement":[{"@type":"ListItem","position":1,"name":"Home","item":"https:\/\/researchimpact.ca\/fr\/accueil\/"},{"@type":"ListItem","position":2,"name":"Governor General Returns to Waterloo for Keynote Address \/ Le gouverneur g\u00e9n\u00e9ral revient \u00e0 Waterloo pour une allocution"}]},{"@type":"WebSite","@id":"https:\/\/researchimpact.ca\/fr\/#website","url":"https:\/\/researchimpact.ca\/fr\/","name":"Research Impact Canada","description":"","publisher":{"@id":"https:\/\/researchimpact.ca\/fr\/#organization"},"potentialAction":[{"@type":"SearchAction","target":{"@type":"EntryPoint","urlTemplate":"https:\/\/researchimpact.ca\/fr\/?s={search_term_string}"},"query-input":{"@type":"PropertyValueSpecification","valueRequired":true,"valueName":"search_term_string"}}],"inLanguage":"fr-FR"},{"@type":"Organization","@id":"https:\/\/researchimpact.ca\/fr\/#organization","name":"Research Impact Canada","url":"https:\/\/researchimpact.ca\/fr\/","logo":{"@type":"ImageObject","inLanguage":"fr-FR","@id":"https:\/\/researchimpact.ca\/fr\/#\/schema\/logo\/image\/","url":"https:\/\/researchimpact.ca\/wp-content\/uploads\/RIC-FR-CMYK.jpg","contentUrl":"https:\/\/researchimpact.ca\/wp-content\/uploads\/RIC-FR-CMYK.jpg","width":286,"height":66,"caption":"Research Impact Canada"},"image":{"@id":"https:\/\/researchimpact.ca\/fr\/#\/schema\/logo\/image\/"}},{"@type":"Person","@id":"https:\/\/researchimpact.ca\/fr\/#\/schema\/person\/394e3b399bbe436d094e028d9c00962d","name":"Connie Tang","url":"https:\/\/researchimpact.ca\/fr\/author\/connie\/"}]}},"_links":{"self":[{"href":"https:\/\/researchimpact.ca\/fr\/wp-json\/wp\/v2\/posts\/12334","targetHints":{"allow":["GET"]}}],"collection":[{"href":"https:\/\/researchimpact.ca\/fr\/wp-json\/wp\/v2\/posts"}],"about":[{"href":"https:\/\/researchimpact.ca\/fr\/wp-json\/wp\/v2\/types\/post"}],"author":[{"embeddable":true,"href":"https:\/\/researchimpact.ca\/fr\/wp-json\/wp\/v2\/users\/22"}],"replies":[{"embeddable":true,"href":"https:\/\/researchimpact.ca\/fr\/wp-json\/wp\/v2\/comments?post=12334"}],"version-history":[{"count":0,"href":"https:\/\/researchimpact.ca\/fr\/wp-json\/wp\/v2\/posts\/12334\/revisions"}],"wp:attachment":[{"href":"https:\/\/researchimpact.ca\/fr\/wp-json\/wp\/v2\/media?parent=12334"}],"wp:term":[{"taxonomy":"category","embeddable":true,"href":"https:\/\/researchimpact.ca\/fr\/wp-json\/wp\/v2\/categories?post=12334"},{"taxonomy":"post_tag","embeddable":true,"href":"https:\/\/researchimpact.ca\/fr\/wp-json\/wp\/v2\/tags?post=12334"}],"curies":[{"name":"wp","href":"https:\/\/api.w.org\/{rel}","templated":true}]}}