{"id":17667,"date":"2022-01-17T11:23:49","date_gmt":"2022-01-17T16:23:49","guid":{"rendered":"https:\/\/researchimpact.ca\/?p=17667"},"modified":"2022-01-17T11:49:53","modified_gmt":"2022-01-17T16:49:53","slug":"le-discours-du-trone-demande-plus-de-mobilisation-des-connaissances-pour-le-canada","status":"publish","type":"post","link":"https:\/\/researchimpact.ca\/fr\/perspectives-fr\/le-discours-du-trone-demande-plus-de-mobilisation-des-connaissances-pour-le-canada\/","title":{"rendered":"Le discours du Tr\u00f4ne demande plus de mobilisation des connaissances pour le Canada"},"content":{"rendered":"\n<p class=\"wp-block-paragraph\"><em><em>\u00ab&nbsp;<a href=\"https:\/\/www.canada.ca\/fr\/conseil-prive\/campagnes\/discours-trone\/2021\/discours-du-trone.html\" target=\"_blank\" rel=\"noreferrer noopener\">Le discours du Tr\u00f4ne<\/a>&nbsp;ouvre chaque nouvelle session du Parlement. Il permet au gouvernement d\u2019\u00e9noncer son orientation et ses objectifs, et de pr\u00e9ciser la fa\u00e7on dont il compte les respecter. Le 23 novembre 2021, Son Excellence, la tr\u00e8s honorable Mary Simon, gouverneure g\u00e9n\u00e9rale du Canada, a prononc\u00e9 le discours du Tr\u00f4ne ouvrant la&nbsp;premi\u00e8re session de la 44<sup>e<\/sup>&nbsp;l\u00e9gislature du Parlement et exposant le programme du gouvernement.&nbsp;\u00bb<\/em><\/em><\/p>\n\n\n\n<p class=\"wp-block-paragraph\">Le discours du Tr\u00f4ne est un moment important du processus parlementaire. Il est bien plus qu&rsquo;une simple c\u00e9r\u00e9monie. Il exprime clairement ce que le gouvernement estime devoir \u00eatre abord\u00e9. Il s&rsquo;agit de l&rsquo;\u00e9valuation par le gouvernement des priorit\u00e9s des Canadien.ne.s. J&rsquo;ai parcouru le discours du Tr\u00f4ne et j&rsquo;ai \u00e9valu\u00e9 si chaque priorit\u00e9 pouvait \u00eatre servie de fa\u00e7on unique par la mobilisation des connaissances, par la commercialisation ou par une combinaison des deux.<\/p>\n\n\n\n<p class=\"wp-block-paragraph\">La plupart des priorit\u00e9s gouvernementales \u00e9nonc\u00e9es dans le discours du Tr\u00f4ne font l&rsquo;objet de politiques publiques, de pratiques professionnelles et\/ou de services sociaux et sont donc des occasions de mobilisation des connaissances. Il s&rsquo;agit notamment des priorit\u00e9s suivantes :<\/p>\n\n\n\n<p class=\"wp-block-paragraph\"> \u2022 Le renforcement du syst\u00e8me de sant\u00e9<br> \u2022 La sant\u00e9 publique<br> \u2022 L&rsquo;accessibilit\u00e9<br> \u2022 Les communaut\u00e9s rurales<br> \u2022 La sant\u00e9 mentale et la toxicomanie<br> \u2022 Les soins de longue dur\u00e9e<br> \u2022 Le logement<br> \u2022 Les soins aux enfants et la pauvret\u00e9 des enfants<br> \u2022 L&rsquo;immigration<br> \u2022 La biodiversit\u00e9<br> \u2022 La violence arm\u00e9e<br> \u2022 L&rsquo;anti-racisme<br> \u2022 L&rsquo;\u00e9quit\u00e9 et l&rsquo;inclusion<br> \u2022 La r\u00e9conciliation<br> \u2022 Le commerce international<\/p>\n\n\n\n<p class=\"wp-block-paragraph\">Nous ne pourrons jamais breveter notre fa\u00e7on de r\u00e9pondre \u00e0 ces priorit\u00e9s gouvernementales. Ce sont tous des sujets sur lesquels la recherche canadienne peut avoir un impact par la mobilisation des connaissances.<\/p>\n\n\n\n<p class=\"wp-block-paragraph\">Une autre priorit\u00e9 est  \u00ab une \u00e9conomie r\u00e9siliente, durable et concurrentielle \u00bb et peut \u00eatre abord\u00e9e \u00e0 la fois par le transfert de technologie et la mobilisation des connaissances. La seule priorit\u00e9 du gouvernement qui est uniquement abord\u00e9e par la commercialisation est  \u00ab l&rsquo;acier, l&rsquo;aluminium, les produits de construction, les voitures et les avions propres \u00bb.<\/p>\n\n\n\n<p class=\"wp-block-paragraph\">Les priorit\u00e9s de ce gouvernement peuvent \u00eatre soutenues par la recherche universitaire dans toutes les disciplines si seulement les universit\u00e9s canadiennes renforcent leur capacit\u00e9 \u00e0 soutenir la mobilisation des connaissances. <a href=\"http:\/\/researchimpact.ca\">R\u00e9seau Impact Recherche Canada (RIRC)<\/a> ouvre la voie en renfor\u00e7ant la capacit\u00e9 de mobilisation des connaissances dans les universit\u00e9s canadiennes et d&rsquo;autres organismes de recherche comme <a href=\"https:\/\/www.ontarioshores.ca\/\">Ontario Shores<\/a>, le premier membre non universitaire de RIRC. Plus de RIRC = plus de mobilisation des connaissances = plus de possibilit\u00e9s d&rsquo;avoir un impact sur ce que ce gouvernement juge important pour les Canadien.ne.s.<\/p>\n","protected":false},"excerpt":{"rendered":"<p>\u00ab&nbsp;Le discours du Tr\u00f4ne&nbsp;ouvre chaque nouvelle session du Parlement. Il permet au gouvernement d\u2019\u00e9noncer son orientation et ses objectifs, et de pr\u00e9ciser la fa\u00e7on dont il compte les respecter. Le 23 novembre 2021, Son Excellence, la tr\u00e8s honorable Mary Simon, gouverneure g\u00e9n\u00e9rale du Canada, a prononc\u00e9 le discours du Tr\u00f4ne ouvrant la&nbsp;premi\u00e8re session de la [&#8230;]<\/p>\n<p><a class=\"btn btn-secondary understrap-read-more-link\" href=\"https:\/\/researchimpact.ca\/fr\/perspectives-fr\/le-discours-du-trone-demande-plus-de-mobilisation-des-connaissances-pour-le-canada\/\">Lire la suite\u2026<span class=\"screen-reader-text\"> from Le discours du Tr\u00f4ne demande plus de mobilisation des connaissances pour le Canada<\/span><\/a><\/p>\n","protected":false},"author":24,"featured_media":0,"comment_status":"closed","ping_status":"closed","sticky":false,"template":"","format":"standard","meta":{"_acf_changed":false,"footnotes":""},"categories":[2400],"tags":[1568,1571],"class_list":["post-17667","post","type-post","status-publish","format-standard","hentry","category-perspectives-fr","tag-impact-fr-2","tag-kmb-fr-2"],"acf":[],"yoast_head":"<!-- This site is optimized with the Yoast SEO plugin v28.2 - https:\/\/yoast.com\/product\/yoast-seo-wordpress\/ -->\n<title>Le discours du Tr\u00f4ne demande plus de mobilisation des connaissances pour le Canada - Research Impact Canada<\/title>\n<meta name=\"robots\" content=\"index, follow, max-snippet:-1, max-image-preview:large, max-video-preview:-1\" \/>\n<link rel=\"canonical\" href=\"https:\/\/researchimpact.ca\/fr\/perspectives-fr\/le-discours-du-trone-demande-plus-de-mobilisation-des-connaissances-pour-le-canada\/\" \/>\n<meta property=\"og:locale\" content=\"fr_FR\" \/>\n<meta property=\"og:type\" content=\"article\" \/>\n<meta property=\"og:title\" content=\"Le discours du Tr\u00f4ne demande plus de mobilisation des connaissances pour le Canada - Research Impact Canada\" \/>\n<meta property=\"og:description\" content=\"\u00ab&nbsp;Le discours du Tr\u00f4ne&nbsp;ouvre chaque nouvelle session du Parlement. Il permet au gouvernement d\u2019\u00e9noncer son orientation et ses objectifs, et de pr\u00e9ciser la fa\u00e7on dont il compte les respecter. Le 23 novembre 2021, Son Excellence, la tr\u00e8s honorable Mary Simon, gouverneure g\u00e9n\u00e9rale du Canada, a prononc\u00e9 le discours du Tr\u00f4ne ouvrant la&nbsp;premi\u00e8re session de la [...]Lire la suite\u2026 from Le discours du Tr\u00f4ne demande plus de mobilisation des connaissances pour le Canada\" \/>\n<meta property=\"og:url\" content=\"https:\/\/researchimpact.ca\/fr\/perspectives-fr\/le-discours-du-trone-demande-plus-de-mobilisation-des-connaissances-pour-le-canada\/\" \/>\n<meta property=\"og:site_name\" content=\"Research Impact Canada\" \/>\n<meta property=\"article:published_time\" content=\"2022-01-17T16:23:49+00:00\" \/>\n<meta property=\"article:modified_time\" content=\"2022-01-17T16:49:53+00:00\" \/>\n<meta name=\"author\" content=\"Elisabeth Huang\" \/>\n<meta name=\"twitter:card\" content=\"summary_large_image\" \/>\n<meta name=\"twitter:label1\" content=\"\u00c9crit par\" \/>\n\t<meta name=\"twitter:data1\" content=\"Elisabeth Huang\" \/>\n\t<meta name=\"twitter:label2\" content=\"Dur\u00e9e de lecture estim\u00e9e\" \/>\n\t<meta name=\"twitter:data2\" content=\"2 minutes\" \/>\n<script type=\"application\/ld+json\" class=\"yoast-schema-graph\">{\"@context\":\"https:\\\/\\\/schema.org\",\"@graph\":[{\"@type\":\"Article\",\"@id\":\"https:\\\/\\\/researchimpact.ca\\\/fr\\\/perspectives-fr\\\/le-discours-du-trone-demande-plus-de-mobilisation-des-connaissances-pour-le-canada\\\/#article\",\"isPartOf\":{\"@id\":\"https:\\\/\\\/researchimpact.ca\\\/fr\\\/perspectives-fr\\\/le-discours-du-trone-demande-plus-de-mobilisation-des-connaissances-pour-le-canada\\\/\"},\"author\":{\"name\":\"Elisabeth Huang\",\"@id\":\"https:\\\/\\\/researchimpact.ca\\\/fr\\\/#\\\/schema\\\/person\\\/8632e2dca3b4d933b3e405e9d42f9f3e\"},\"headline\":\"Le discours du Tr\u00f4ne demande plus de mobilisation des connaissances pour le Canada\",\"datePublished\":\"2022-01-17T16:23:49+00:00\",\"dateModified\":\"2022-01-17T16:49:53+00:00\",\"mainEntityOfPage\":{\"@id\":\"https:\\\/\\\/researchimpact.ca\\\/fr\\\/perspectives-fr\\\/le-discours-du-trone-demande-plus-de-mobilisation-des-connaissances-pour-le-canada\\\/\"},\"wordCount\":458,\"publisher\":{\"@id\":\"https:\\\/\\\/researchimpact.ca\\\/fr\\\/#organization\"},\"keywords\":[\"Impact\",\"KMb\"],\"articleSection\":[\"Perspectives\"],\"inLanguage\":\"fr-FR\"},{\"@type\":\"WebPage\",\"@id\":\"https:\\\/\\\/researchimpact.ca\\\/fr\\\/perspectives-fr\\\/le-discours-du-trone-demande-plus-de-mobilisation-des-connaissances-pour-le-canada\\\/\",\"url\":\"https:\\\/\\\/researchimpact.ca\\\/fr\\\/perspectives-fr\\\/le-discours-du-trone-demande-plus-de-mobilisation-des-connaissances-pour-le-canada\\\/\",\"name\":\"Le discours du Tr\u00f4ne demande plus de mobilisation des connaissances pour le Canada - Research Impact Canada\",\"isPartOf\":{\"@id\":\"https:\\\/\\\/researchimpact.ca\\\/fr\\\/#website\"},\"datePublished\":\"2022-01-17T16:23:49+00:00\",\"dateModified\":\"2022-01-17T16:49:53+00:00\",\"breadcrumb\":{\"@id\":\"https:\\\/\\\/researchimpact.ca\\\/fr\\\/perspectives-fr\\\/le-discours-du-trone-demande-plus-de-mobilisation-des-connaissances-pour-le-canada\\\/#breadcrumb\"},\"inLanguage\":\"fr-FR\",\"potentialAction\":[{\"@type\":\"ReadAction\",\"target\":[\"https:\\\/\\\/researchimpact.ca\\\/fr\\\/perspectives-fr\\\/le-discours-du-trone-demande-plus-de-mobilisation-des-connaissances-pour-le-canada\\\/\"]}]},{\"@type\":\"BreadcrumbList\",\"@id\":\"https:\\\/\\\/researchimpact.ca\\\/fr\\\/perspectives-fr\\\/le-discours-du-trone-demande-plus-de-mobilisation-des-connaissances-pour-le-canada\\\/#breadcrumb\",\"itemListElement\":[{\"@type\":\"ListItem\",\"position\":1,\"name\":\"Home\",\"item\":\"https:\\\/\\\/researchimpact.ca\\\/fr\\\/accueil\\\/\"},{\"@type\":\"ListItem\",\"position\":2,\"name\":\"Le discours du Tr\u00f4ne demande plus de mobilisation des connaissances pour le Canada\"}]},{\"@type\":\"WebSite\",\"@id\":\"https:\\\/\\\/researchimpact.ca\\\/fr\\\/#website\",\"url\":\"https:\\\/\\\/researchimpact.ca\\\/fr\\\/\",\"name\":\"Research Impact Canada\",\"description\":\"\",\"publisher\":{\"@id\":\"https:\\\/\\\/researchimpact.ca\\\/fr\\\/#organization\"},\"potentialAction\":[{\"@type\":\"SearchAction\",\"target\":{\"@type\":\"EntryPoint\",\"urlTemplate\":\"https:\\\/\\\/researchimpact.ca\\\/fr\\\/?s={search_term_string}\"},\"query-input\":{\"@type\":\"PropertyValueSpecification\",\"valueRequired\":true,\"valueName\":\"search_term_string\"}}],\"inLanguage\":\"fr-FR\"},{\"@type\":\"Organization\",\"@id\":\"https:\\\/\\\/researchimpact.ca\\\/fr\\\/#organization\",\"name\":\"Research Impact Canada\",\"url\":\"https:\\\/\\\/researchimpact.ca\\\/fr\\\/\",\"logo\":{\"@type\":\"ImageObject\",\"inLanguage\":\"fr-FR\",\"@id\":\"https:\\\/\\\/researchimpact.ca\\\/fr\\\/#\\\/schema\\\/logo\\\/image\\\/\",\"url\":\"https:\\\/\\\/researchimpact.ca\\\/wp-content\\\/uploads\\\/RIC-FR-CMYK.jpg\",\"contentUrl\":\"https:\\\/\\\/researchimpact.ca\\\/wp-content\\\/uploads\\\/RIC-FR-CMYK.jpg\",\"width\":286,\"height\":66,\"caption\":\"Research Impact Canada\"},\"image\":{\"@id\":\"https:\\\/\\\/researchimpact.ca\\\/fr\\\/#\\\/schema\\\/logo\\\/image\\\/\"}},{\"@type\":\"Person\",\"@id\":\"https:\\\/\\\/researchimpact.ca\\\/fr\\\/#\\\/schema\\\/person\\\/8632e2dca3b4d933b3e405e9d42f9f3e\",\"name\":\"Elisabeth Huang\",\"url\":\"https:\\\/\\\/researchimpact.ca\\\/fr\\\/author\\\/elisabeth\\\/\"}]}<\/script>\n<!-- \/ Yoast SEO plugin. -->","yoast_head_json":{"title":"Le discours du Tr\u00f4ne demande plus de mobilisation des connaissances pour le Canada - Research Impact Canada","robots":{"index":"index","follow":"follow","max-snippet":"max-snippet:-1","max-image-preview":"max-image-preview:large","max-video-preview":"max-video-preview:-1"},"canonical":"https:\/\/researchimpact.ca\/fr\/perspectives-fr\/le-discours-du-trone-demande-plus-de-mobilisation-des-connaissances-pour-le-canada\/","og_locale":"fr_FR","og_type":"article","og_title":"Le discours du Tr\u00f4ne demande plus de mobilisation des connaissances pour le Canada - Research Impact Canada","og_description":"\u00ab&nbsp;Le discours du Tr\u00f4ne&nbsp;ouvre chaque nouvelle session du Parlement. Il permet au gouvernement d\u2019\u00e9noncer son orientation et ses objectifs, et de pr\u00e9ciser la fa\u00e7on dont il compte les respecter. Le 23 novembre 2021, Son Excellence, la tr\u00e8s honorable Mary Simon, gouverneure g\u00e9n\u00e9rale du Canada, a prononc\u00e9 le discours du Tr\u00f4ne ouvrant la&nbsp;premi\u00e8re session de la [...]Lire la suite\u2026 from Le discours du Tr\u00f4ne demande plus de mobilisation des connaissances pour le Canada","og_url":"https:\/\/researchimpact.ca\/fr\/perspectives-fr\/le-discours-du-trone-demande-plus-de-mobilisation-des-connaissances-pour-le-canada\/","og_site_name":"Research Impact Canada","article_published_time":"2022-01-17T16:23:49+00:00","article_modified_time":"2022-01-17T16:49:53+00:00","author":"Elisabeth Huang","twitter_card":"summary_large_image","twitter_misc":{"\u00c9crit par":"Elisabeth Huang","Dur\u00e9e de lecture estim\u00e9e":"2 minutes"},"schema":{"@context":"https:\/\/schema.org","@graph":[{"@type":"Article","@id":"https:\/\/researchimpact.ca\/fr\/perspectives-fr\/le-discours-du-trone-demande-plus-de-mobilisation-des-connaissances-pour-le-canada\/#article","isPartOf":{"@id":"https:\/\/researchimpact.ca\/fr\/perspectives-fr\/le-discours-du-trone-demande-plus-de-mobilisation-des-connaissances-pour-le-canada\/"},"author":{"name":"Elisabeth Huang","@id":"https:\/\/researchimpact.ca\/fr\/#\/schema\/person\/8632e2dca3b4d933b3e405e9d42f9f3e"},"headline":"Le discours du Tr\u00f4ne demande plus de mobilisation des connaissances pour le Canada","datePublished":"2022-01-17T16:23:49+00:00","dateModified":"2022-01-17T16:49:53+00:00","mainEntityOfPage":{"@id":"https:\/\/researchimpact.ca\/fr\/perspectives-fr\/le-discours-du-trone-demande-plus-de-mobilisation-des-connaissances-pour-le-canada\/"},"wordCount":458,"publisher":{"@id":"https:\/\/researchimpact.ca\/fr\/#organization"},"keywords":["Impact","KMb"],"articleSection":["Perspectives"],"inLanguage":"fr-FR"},{"@type":"WebPage","@id":"https:\/\/researchimpact.ca\/fr\/perspectives-fr\/le-discours-du-trone-demande-plus-de-mobilisation-des-connaissances-pour-le-canada\/","url":"https:\/\/researchimpact.ca\/fr\/perspectives-fr\/le-discours-du-trone-demande-plus-de-mobilisation-des-connaissances-pour-le-canada\/","name":"Le discours du Tr\u00f4ne demande plus de mobilisation des connaissances pour le Canada - Research Impact Canada","isPartOf":{"@id":"https:\/\/researchimpact.ca\/fr\/#website"},"datePublished":"2022-01-17T16:23:49+00:00","dateModified":"2022-01-17T16:49:53+00:00","breadcrumb":{"@id":"https:\/\/researchimpact.ca\/fr\/perspectives-fr\/le-discours-du-trone-demande-plus-de-mobilisation-des-connaissances-pour-le-canada\/#breadcrumb"},"inLanguage":"fr-FR","potentialAction":[{"@type":"ReadAction","target":["https:\/\/researchimpact.ca\/fr\/perspectives-fr\/le-discours-du-trone-demande-plus-de-mobilisation-des-connaissances-pour-le-canada\/"]}]},{"@type":"BreadcrumbList","@id":"https:\/\/researchimpact.ca\/fr\/perspectives-fr\/le-discours-du-trone-demande-plus-de-mobilisation-des-connaissances-pour-le-canada\/#breadcrumb","itemListElement":[{"@type":"ListItem","position":1,"name":"Home","item":"https:\/\/researchimpact.ca\/fr\/accueil\/"},{"@type":"ListItem","position":2,"name":"Le discours du Tr\u00f4ne demande plus de mobilisation des connaissances pour le Canada"}]},{"@type":"WebSite","@id":"https:\/\/researchimpact.ca\/fr\/#website","url":"https:\/\/researchimpact.ca\/fr\/","name":"Research Impact Canada","description":"","publisher":{"@id":"https:\/\/researchimpact.ca\/fr\/#organization"},"potentialAction":[{"@type":"SearchAction","target":{"@type":"EntryPoint","urlTemplate":"https:\/\/researchimpact.ca\/fr\/?s={search_term_string}"},"query-input":{"@type":"PropertyValueSpecification","valueRequired":true,"valueName":"search_term_string"}}],"inLanguage":"fr-FR"},{"@type":"Organization","@id":"https:\/\/researchimpact.ca\/fr\/#organization","name":"Research Impact Canada","url":"https:\/\/researchimpact.ca\/fr\/","logo":{"@type":"ImageObject","inLanguage":"fr-FR","@id":"https:\/\/researchimpact.ca\/fr\/#\/schema\/logo\/image\/","url":"https:\/\/researchimpact.ca\/wp-content\/uploads\/RIC-FR-CMYK.jpg","contentUrl":"https:\/\/researchimpact.ca\/wp-content\/uploads\/RIC-FR-CMYK.jpg","width":286,"height":66,"caption":"Research Impact Canada"},"image":{"@id":"https:\/\/researchimpact.ca\/fr\/#\/schema\/logo\/image\/"}},{"@type":"Person","@id":"https:\/\/researchimpact.ca\/fr\/#\/schema\/person\/8632e2dca3b4d933b3e405e9d42f9f3e","name":"Elisabeth Huang","url":"https:\/\/researchimpact.ca\/fr\/author\/elisabeth\/"}]}},"_links":{"self":[{"href":"https:\/\/researchimpact.ca\/fr\/wp-json\/wp\/v2\/posts\/17667","targetHints":{"allow":["GET"]}}],"collection":[{"href":"https:\/\/researchimpact.ca\/fr\/wp-json\/wp\/v2\/posts"}],"about":[{"href":"https:\/\/researchimpact.ca\/fr\/wp-json\/wp\/v2\/types\/post"}],"author":[{"embeddable":true,"href":"https:\/\/researchimpact.ca\/fr\/wp-json\/wp\/v2\/users\/24"}],"replies":[{"embeddable":true,"href":"https:\/\/researchimpact.ca\/fr\/wp-json\/wp\/v2\/comments?post=17667"}],"version-history":[{"count":0,"href":"https:\/\/researchimpact.ca\/fr\/wp-json\/wp\/v2\/posts\/17667\/revisions"}],"wp:attachment":[{"href":"https:\/\/researchimpact.ca\/fr\/wp-json\/wp\/v2\/media?parent=17667"}],"wp:term":[{"taxonomy":"category","embeddable":true,"href":"https:\/\/researchimpact.ca\/fr\/wp-json\/wp\/v2\/categories?post=17667"},{"taxonomy":"post_tag","embeddable":true,"href":"https:\/\/researchimpact.ca\/fr\/wp-json\/wp\/v2\/tags?post=17667"}],"curies":[{"name":"wp","href":"https:\/\/api.w.org\/{rel}","templated":true}]}}