{"id":22319,"date":"2026-06-12T17:56:32","date_gmt":"2026-06-12T21:56:32","guid":{"rendered":"https:\/\/researchimpact.ca\/?p=22319"},"modified":"2026-07-03T12:10:08","modified_gmt":"2026-07-03T16:10:08","slug":"laureat-du-prix-pour-le-savoir-engage-du-rirc-2026-categorie-doctorat-amish-dua","status":"publish","type":"post","link":"https:\/\/researchimpact.ca\/fr\/annonces\/laureat-du-prix-pour-le-savoir-engage-du-rirc-2026-categorie-doctorat-amish-dua\/","title":{"rendered":"Laur\u00e9at du Prix pour le savoir engag\u00e9 du RIRC\u00a02026 (cat\u00e9gorie doctorat)\u00a0: Amish Dua"},"content":{"rendered":"\n<h2 class=\"wp-block-heading\">\u00c0 propos du projet<\/h2>\n\n\n\n<p class=\"wp-block-paragraph\"><strong>Apprendre ensemble sur le caribou<\/strong><\/p>\n\n\n\n<p class=\"wp-block-paragraph\">Depuis des mill\u00e9naires, le caribou rev\u00eat une importance culturelle, spirituelle et \u00e9conomique particuli\u00e8re pour les communaut\u00e9s autochtones. On sait qu\u2019il constitue une source de nourriture essentielle, mais il repr\u00e9sente aussi bien plus que cela. Pour de nombreuses communaut\u00e9s, le caribou est li\u00e9 \u00e0 l\u2019identit\u00e9, aux relations, aux responsabilit\u00e9s et aux modes de vie sur le territoire.<\/p>\n\n\n\n<p class=\"wp-block-paragraph\">Ma th\u00e8se de doctorat porte sur le caribou de la toundra, que l\u2019on trouve dans tout le nord du Canada, notamment au Yukon, dans les Territoires du Nord-Ouest et au Nunavut, avec des aires d\u2019hivernage pouvant s\u2019\u00e9tendre jusqu\u2019au nord du Manitoba, de la Saskatchewan et de l\u2019Alberta. Historiquement, les populations de caribous de la toundra atteignaient environ deux millions d\u2019individus \u00e0 la fin des ann\u00e9es&nbsp;1980 et au milieu des ann\u00e9es&nbsp;1990. Depuis lors, la taille des troupeaux est en recul continu, sans signe de r\u00e9tablissement pour la plupart. Bien qu\u2019il montre aujourd\u2019hui des premiers signes de r\u00e9tablissement, le troupeau de caribous de Bluenose-Est, qui fait l\u2019objet de mes recherches, a vu sa taille diminuer d\u2019environ 90&nbsp;% au cours de la derni\u00e8re d\u00e9cennie. Ce troupeau se d\u00e9place \u00e0 travers un vaste territoire couvrant plusieurs territoires et est li\u00e9 \u00e0 de nombreuses communaut\u00e9s et instances de cogestion, notamment dans les communaut\u00e9s avec lesquelles je travaille&nbsp;: D\u00e9l\u0131\u0328n\u0119, Wekwe\u00e8t\u00ec et Kugluktuk.<\/p>\n\n\n\n<p class=\"wp-block-paragraph\">Au Canada, le r\u00f4le des savoirs autochtones dans la gestion du caribou a \u00e9t\u00e9 renforc\u00e9 gr\u00e2ce au travail de longue haleine men\u00e9 par les communaut\u00e9s autochtones, les comit\u00e9s de cogestion, les d\u00e9tenteur.rice.s de savoir et les chercheur.se.s. J\u2019esp\u00e8re contribuer \u00e0 une meilleure compr\u00e9hension de la mani\u00e8re dont ces savoirs peuvent passer de la simple reconnaissance et discussion \u00e0 une utilisation plus directe dans la prise de d\u00e9cision, en \u00e9laborant des outils et des indicateurs ancr\u00e9s dans les priorit\u00e9s des communaut\u00e9s.<\/p>\n\n\n\n<p class=\"wp-block-paragraph\">Un volet essentiel de ma recherche consiste \u00e0 apprendre aux c\u00f4t\u00e9s des communaut\u00e9s afin de documenter les savoirs autochtones et d\u2019\u00e9laborer conjointement des indicateurs relatifs \u00e0 la sant\u00e9 du caribou, \u00e0 l\u2019environnement et aux changements socioculturels. Ces indicateurs peuvent aider \u00e0 d\u00e9crire ce que les gens observent sur le terrain, chez les animaux et dans l\u2019environnement. Ils peuvent \u00e9galement devenir des outils pratiques qui soutiennent les d\u00e9cisions de cogestion en r\u00e9pondant mieux aux priorit\u00e9s des communaut\u00e9s.<\/p>\n\n\n\n<p class=\"wp-block-paragraph\">Mais pour moi, cette recherche ne se limite pas aux indicateurs, aux politiques ou aux outils de gestion. Elle porte \u00e9galement sur les relations. Mes travaux de recherche m\u2019ont permis de nouer des liens avec des personnes et des d\u00e9tenteur.rice.s de savoir \u00e0 D\u00e9l\u0131\u0328n\u0119, dans la r\u00e9gion des T\u0142\u0131\u0328ch\u01eb et \u00e0 Kugluktuk. Ces relations se sont construites dans le cadre de la recherche, mais aussi au-del\u00e0 des limites formelles de celle-ci. Gr\u00e2ce \u00e0 elles, j\u2019ai eu le privil\u00e8ge d\u2019apprendre non seulement les r\u00e9alit\u00e9s \u00e9cologiques auxquelles sont confront\u00e9es les populations de caribous, mais aussi les dimensions culturelles, spirituelles et \u00e9thiques de la vie autochtone dans le Nord.<\/p>\n\n\n\n<p class=\"wp-block-paragraph\">Ces exp\u00e9riences m\u2019ont transform\u00e9e en tant que personne. Elles m\u2019ont appris que la recherche n\u2019est jamais dissociable du contexte dans lequel elle s\u2019inscrit. Je pense que la recherche doit commencer par le respect, l\u2019humilit\u00e9 et la volont\u00e9 de se laisser fa\u00e7onner par les personnes avec lesquelles on travaille. Pour moi, une recherche \u00e9thique consiste \u00e0 honorer les savoirs et les priorit\u00e9s des communaut\u00e9s autochtones et \u00e0 veiller \u00e0 ce que les r\u00e9sultats soient utiles, accessibles et en phase avec leurs visions pour l\u2019avenir.<\/p>\n\n\n\n<p class=\"wp-block-paragraph\">Certaines des le\u00e7ons les plus enrichissantes m\u2019ont \u00e9t\u00e9 apport\u00e9es par le temps pass\u00e9 au sein des communaut\u00e9s, au-del\u00e0 des entretiens, des r\u00e9unions ou des activit\u00e9s de recherche formelles. \u00catre pr\u00e9sente dans les moments du quotidien, contribuer l\u00e0 o\u00f9 je le peux et apprendre \u00e0 travers ces moments partag\u00e9s m\u2019ont aid\u00e9e \u00e0 tisser des liens, \u00e0 instaurer la confiance et \u00e0 nouer des amiti\u00e9s durables. Ces exp\u00e9riences m\u2019ont permis d\u2019acqu\u00e9rir une compr\u00e9hension plus ancr\u00e9e des traditions locales, des responsabilit\u00e9s et des modes de vie sur le territoire. Elles m\u2019ont \u00e9galement montr\u00e9 que le savoir ne se transmet pas uniquement par les mots. Le savoir se transmet \u00e0 travers les relations, les exp\u00e9riences partag\u00e9es et le temps que les gens passent ensemble.<\/p>\n\n\n<div class=\"wp-block-image\">\n<figure class=\"aligncenter size-full\"><img loading=\"lazy\" decoding=\"async\" width=\"329\" height=\"438\" src=\"https:\/\/researchimpact.ca\/wp-content\/uploads\/AD_Elder.png\" alt=\"\" class=\"wp-image-22235\" srcset=\"https:\/\/researchimpact.ca\/wp-content\/uploads\/AD_Elder.png 329w, https:\/\/researchimpact.ca\/wp-content\/uploads\/AD_Elder-225x300.png 225w\" sizes=\"auto, (max-width: 329px) 100vw, 329px\" \/><\/figure>\n<\/div>\n\n\n<p class=\"has-text-align-center wp-block-paragraph\"><em>Entretien avec l\u2019a\u00een\u00e9 John Kapakatoak de Kugluktuk<\/em><\/p>\n\n\n\n<h2 class=\"wp-block-heading\">\u00c0 propos du laur\u00e9at<\/h2>\n\n\n\n<div class=\"wp-block-columns is-layout-flex wp-container-core-columns-is-layout-8f761849 wp-block-columns-is-layout-flex\">\n<div class=\"wp-block-column is-layout-flow wp-block-column-is-layout-flow\" style=\"flex-basis:33.33%\"><style>.kb-image22319_71cd38-34.kb-image-is-ratio-size, .kb-image22319_71cd38-34 .kb-image-is-ratio-size{max-width:429px;width:100%;}.wp-block-kadence-column > .kt-inside-inner-col > .kb-image22319_71cd38-34.kb-image-is-ratio-size, .wp-block-kadence-column > .kt-inside-inner-col > .kb-image22319_71cd38-34 .kb-image-is-ratio-size{align-self:unset;}.kb-image22319_71cd38-34{max-width:429px;}.image-is-svg.kb-image22319_71cd38-34{-webkit-flex:0 1 100%;flex:0 1 100%;}.image-is-svg.kb-image22319_71cd38-34 img{width:100%;}.kb-image22319_71cd38-34 .kb-image-has-overlay:after{opacity:0.3;border-top-left-radius:300px;border-top-right-radius:300px;border-bottom-right-radius:300px;border-bottom-left-radius:300px;}.kb-image22319_71cd38-34 img.kb-img, .kb-image22319_71cd38-34 .kb-img img{border-top-left-radius:300px;border-top-right-radius:300px;border-bottom-right-radius:300px;border-bottom-left-radius:300px;}<\/style>\n<figure class=\"wp-block-kadence-image kb-image22319_71cd38-34 kb-image-is-ratio-size\"><div class=\"kb-is-ratio-image kb-image-ratio-square\"><img loading=\"lazy\" decoding=\"async\" width=\"264\" height=\"353\" src=\"https:\/\/researchimpact.ca\/wp-content\/uploads\/AD.jpg\" alt=\"\" class=\"kb-img wp-image-22237\" srcset=\"https:\/\/researchimpact.ca\/wp-content\/uploads\/AD.jpg 264w, https:\/\/researchimpact.ca\/wp-content\/uploads\/AD-224x300.jpg 224w\" sizes=\"auto, (max-width: 264px) 100vw, 264px\" \/><\/div><\/figure>\n<\/div>\n\n\n\n<div class=\"wp-block-column is-layout-flow wp-block-column-is-layout-flow\" style=\"flex-basis:66.66%\">\n<p class=\"wp-block-paragraph\">Amish Dua (il) est doctorant \u00e0 la Facult\u00e9 de m\u00e9decine v\u00e9t\u00e9rinaire de l\u2019Universit\u00e9 de Calgary. Ses recherches consistent \u00e0 collaborer avec plusieurs communaut\u00e9s autochtones du Nord afin de documenter les savoirs autochtones et d\u2019explorer les moyens de les utiliser de mani\u00e8re plus pertinente dans la prise de d\u00e9cision concernant la cogestion du caribou de la toundra. Ses travaux actuels portent sur le troupeau de caribous de Bluenose-Est et s\u2019appuient sur les relations qu\u2019il entretient avec les communaut\u00e9s de la r\u00e9gion de T\u0142\u0131\u0328ch\u01eb, de D\u00e9l\u0131\u0328n\u0119 et de Kugluktuk.<\/p>\n\n\n\n<p class=\"wp-block-paragraph\">Avant d\u2019entamer son doctorat, Amish a men\u00e9 ses recherches de ma\u00eetrise aupr\u00e8s de la communaut\u00e9 de bergers Palsi dans l\u2019ouest de l\u2019Himalaya, en Inde, o\u00f9 il a document\u00e9 les savoirs locaux concernant l\u2019\u00e9volution des paysages himalayens et les relations entre les populations, le b\u00e9tail, la faune sauvage et le territoire. Ce travail a forg\u00e9 son int\u00e9r\u00eat pour la recherche participative et pour la compr\u00e9hension de la mani\u00e8re dont les exp\u00e9riences v\u00e9cues par les populations peuvent \u00e9clairer les r\u00e9ponses apport\u00e9es aux changements environnementaux.<\/p>\n\n\n\n<p class=\"wp-block-paragraph\">Tout au long de son parcours de chercheur, Amish a \u00e9t\u00e9 attir\u00e9 par les travaux situ\u00e9s \u00e0 la crois\u00e9e de l\u2019\u00e9cologie, de la culture et de la prise de d\u00e9cision. Il s\u2019int\u00e9resse \u00e0 la mani\u00e8re dont la recherche peut d\u00e9passer le cadre des publications universitaires et contribuer \u00e0 des processus utiles, accessibles et ancr\u00e9s dans les priorit\u00e9s des personnes les plus directement li\u00e9es aux terres et aux animaux \u00e9tudi\u00e9s. En dehors de la recherche, Amish aime cuisiner et partager un repas avec d\u2019autres, passer du temps en plein air et apprendre des nouvelles personnes et des nouveaux lieux qu\u2019il a le privil\u00e8ge de d\u00e9couvrir.<\/p>\n<\/div>\n<\/div>\n","protected":false},"excerpt":{"rendered":"<p>\u00c0 propos du projet Apprendre ensemble sur le caribou Depuis des mill\u00e9naires, le caribou rev\u00eat une importance culturelle, spirituelle et \u00e9conomique particuli\u00e8re pour les communaut\u00e9s autochtones. On sait qu\u2019il constitue une source de nourriture essentielle, mais il repr\u00e9sente aussi bien plus que cela. Pour de nombreuses communaut\u00e9s, le caribou est li\u00e9 \u00e0 l\u2019identit\u00e9, aux relations, [&#8230;]<\/p>\n<p><a class=\"btn btn-secondary understrap-read-more-link\" href=\"https:\/\/researchimpact.ca\/fr\/annonces\/laureat-du-prix-pour-le-savoir-engage-du-rirc-2026-categorie-doctorat-amish-dua\/\">Lire la suite\u2026<span class=\"screen-reader-text\"> from Laur\u00e9at du Prix pour le savoir engag\u00e9 du RIRC\u00a02026 (cat\u00e9gorie doctorat)\u00a0: Amish Dua<\/span><\/a><\/p>\n","protected":false},"author":31,"featured_media":0,"comment_status":"closed","ping_status":"closed","sticky":false,"template":"","format":"standard","meta":{"_acf_changed":false,"footnotes":""},"categories":[1455,2348],"tags":[],"class_list":["post-22319","post","type-post","status-publish","format-standard","hentry","category-annonces","category-prix-du-rirc"],"acf":[],"yoast_head":"<!-- This site is optimized with the Yoast SEO plugin v28.2 - https:\/\/yoast.com\/product\/yoast-seo-wordpress\/ -->\n<title>Laur\u00e9at du Prix pour le savoir engag\u00e9 du RIRC\u00a02026 (cat\u00e9gorie doctorat)\u00a0: Amish Dua - Research Impact Canada<\/title>\n<meta name=\"robots\" content=\"index, follow, max-snippet:-1, max-image-preview:large, max-video-preview:-1\" \/>\n<link rel=\"canonical\" href=\"https:\/\/researchimpact.ca\/fr\/annonces\/laureat-du-prix-pour-le-savoir-engage-du-rirc-2026-categorie-doctorat-amish-dua\/\" \/>\n<meta property=\"og:locale\" content=\"fr_FR\" \/>\n<meta property=\"og:type\" content=\"article\" \/>\n<meta property=\"og:title\" content=\"Laur\u00e9at du Prix pour le savoir engag\u00e9 du RIRC\u00a02026 (cat\u00e9gorie doctorat)\u00a0: Amish Dua - Research Impact Canada\" \/>\n<meta property=\"og:description\" content=\"\u00c0 propos du projet Apprendre ensemble sur le caribou Depuis des mill\u00e9naires, le caribou rev\u00eat une importance culturelle, spirituelle et \u00e9conomique particuli\u00e8re pour les communaut\u00e9s autochtones. On sait qu\u2019il constitue une source de nourriture essentielle, mais il repr\u00e9sente aussi bien plus que cela. Pour de nombreuses communaut\u00e9s, le caribou est li\u00e9 \u00e0 l\u2019identit\u00e9, aux relations, [...]Lire la suite\u2026 from Laur\u00e9at du Prix pour le savoir engag\u00e9 du RIRC\u00a02026 (cat\u00e9gorie doctorat)\u00a0: Amish Dua\" \/>\n<meta property=\"og:url\" content=\"https:\/\/researchimpact.ca\/fr\/annonces\/laureat-du-prix-pour-le-savoir-engage-du-rirc-2026-categorie-doctorat-amish-dua\/\" \/>\n<meta property=\"og:site_name\" content=\"Research Impact Canada\" \/>\n<meta property=\"article:published_time\" content=\"2026-06-12T21:56:32+00:00\" \/>\n<meta property=\"article:modified_time\" content=\"2026-07-03T16:10:08+00:00\" \/>\n<meta property=\"og:image\" content=\"https:\/\/researchimpact.ca\/wp-content\/uploads\/AD_Elder.png\" \/>\n\t<meta property=\"og:image:width\" content=\"329\" \/>\n\t<meta property=\"og:image:height\" content=\"438\" \/>\n\t<meta property=\"og:image:type\" content=\"image\/png\" \/>\n<meta name=\"author\" content=\"Sandy Chan\" \/>\n<meta name=\"twitter:card\" content=\"summary_large_image\" \/>\n<meta name=\"twitter:label1\" content=\"\u00c9crit par\" \/>\n\t<meta name=\"twitter:data1\" content=\"Sandy Chan\" \/>\n\t<meta name=\"twitter:label2\" content=\"Dur\u00e9e de lecture estim\u00e9e\" \/>\n\t<meta name=\"twitter:data2\" content=\"5 minutes\" \/>\n<script type=\"application\/ld+json\" class=\"yoast-schema-graph\">{\"@context\":\"https:\\\/\\\/schema.org\",\"@graph\":[{\"@type\":\"Article\",\"@id\":\"https:\\\/\\\/researchimpact.ca\\\/fr\\\/annonces\\\/laureat-du-prix-pour-le-savoir-engage-du-rirc-2026-categorie-doctorat-amish-dua\\\/#article\",\"isPartOf\":{\"@id\":\"https:\\\/\\\/researchimpact.ca\\\/fr\\\/annonces\\\/laureat-du-prix-pour-le-savoir-engage-du-rirc-2026-categorie-doctorat-amish-dua\\\/\"},\"author\":{\"name\":\"Sandy Chan\",\"@id\":\"https:\\\/\\\/researchimpact.ca\\\/fr\\\/#\\\/schema\\\/person\\\/836cf0d03e4199b502bd93568fcc66f6\"},\"headline\":\"Laur\u00e9at du Prix pour le savoir engag\u00e9 du RIRC\u00a02026 (cat\u00e9gorie doctorat)\u00a0: Amish Dua\",\"datePublished\":\"2026-06-12T21:56:32+00:00\",\"dateModified\":\"2026-07-03T16:10:08+00:00\",\"mainEntityOfPage\":{\"@id\":\"https:\\\/\\\/researchimpact.ca\\\/fr\\\/annonces\\\/laureat-du-prix-pour-le-savoir-engage-du-rirc-2026-categorie-doctorat-amish-dua\\\/\"},\"wordCount\":1117,\"publisher\":{\"@id\":\"https:\\\/\\\/researchimpact.ca\\\/fr\\\/#organization\"},\"image\":{\"@id\":\"https:\\\/\\\/researchimpact.ca\\\/fr\\\/annonces\\\/laureat-du-prix-pour-le-savoir-engage-du-rirc-2026-categorie-doctorat-amish-dua\\\/#primaryimage\"},\"thumbnailUrl\":\"https:\\\/\\\/researchimpact.ca\\\/wp-content\\\/uploads\\\/AD_Elder.png\",\"articleSection\":[\"Annonces\",\"Prix du RIRC\"],\"inLanguage\":\"fr-FR\"},{\"@type\":\"WebPage\",\"@id\":\"https:\\\/\\\/researchimpact.ca\\\/fr\\\/annonces\\\/laureat-du-prix-pour-le-savoir-engage-du-rirc-2026-categorie-doctorat-amish-dua\\\/\",\"url\":\"https:\\\/\\\/researchimpact.ca\\\/fr\\\/annonces\\\/laureat-du-prix-pour-le-savoir-engage-du-rirc-2026-categorie-doctorat-amish-dua\\\/\",\"name\":\"Laur\u00e9at du Prix pour le savoir engag\u00e9 du RIRC\u00a02026 (cat\u00e9gorie doctorat)\u00a0: Amish Dua - Research Impact Canada\",\"isPartOf\":{\"@id\":\"https:\\\/\\\/researchimpact.ca\\\/fr\\\/#website\"},\"primaryImageOfPage\":{\"@id\":\"https:\\\/\\\/researchimpact.ca\\\/fr\\\/annonces\\\/laureat-du-prix-pour-le-savoir-engage-du-rirc-2026-categorie-doctorat-amish-dua\\\/#primaryimage\"},\"image\":{\"@id\":\"https:\\\/\\\/researchimpact.ca\\\/fr\\\/annonces\\\/laureat-du-prix-pour-le-savoir-engage-du-rirc-2026-categorie-doctorat-amish-dua\\\/#primaryimage\"},\"thumbnailUrl\":\"https:\\\/\\\/researchimpact.ca\\\/wp-content\\\/uploads\\\/AD_Elder.png\",\"datePublished\":\"2026-06-12T21:56:32+00:00\",\"dateModified\":\"2026-07-03T16:10:08+00:00\",\"breadcrumb\":{\"@id\":\"https:\\\/\\\/researchimpact.ca\\\/fr\\\/annonces\\\/laureat-du-prix-pour-le-savoir-engage-du-rirc-2026-categorie-doctorat-amish-dua\\\/#breadcrumb\"},\"inLanguage\":\"fr-FR\",\"potentialAction\":[{\"@type\":\"ReadAction\",\"target\":[\"https:\\\/\\\/researchimpact.ca\\\/fr\\\/annonces\\\/laureat-du-prix-pour-le-savoir-engage-du-rirc-2026-categorie-doctorat-amish-dua\\\/\"]}]},{\"@type\":\"ImageObject\",\"inLanguage\":\"fr-FR\",\"@id\":\"https:\\\/\\\/researchimpact.ca\\\/fr\\\/annonces\\\/laureat-du-prix-pour-le-savoir-engage-du-rirc-2026-categorie-doctorat-amish-dua\\\/#primaryimage\",\"url\":\"https:\\\/\\\/researchimpact.ca\\\/wp-content\\\/uploads\\\/AD_Elder.png\",\"contentUrl\":\"https:\\\/\\\/researchimpact.ca\\\/wp-content\\\/uploads\\\/AD_Elder.png\"},{\"@type\":\"BreadcrumbList\",\"@id\":\"https:\\\/\\\/researchimpact.ca\\\/fr\\\/annonces\\\/laureat-du-prix-pour-le-savoir-engage-du-rirc-2026-categorie-doctorat-amish-dua\\\/#breadcrumb\",\"itemListElement\":[{\"@type\":\"ListItem\",\"position\":1,\"name\":\"Home\",\"item\":\"https:\\\/\\\/researchimpact.ca\\\/fr\\\/accueil\\\/\"},{\"@type\":\"ListItem\",\"position\":2,\"name\":\"Laur\u00e9at du Prix pour le savoir engag\u00e9 du RIRC\u00a02026 (cat\u00e9gorie doctorat)\u00a0: Amish Dua\"}]},{\"@type\":\"WebSite\",\"@id\":\"https:\\\/\\\/researchimpact.ca\\\/fr\\\/#website\",\"url\":\"https:\\\/\\\/researchimpact.ca\\\/fr\\\/\",\"name\":\"Research Impact Canada\",\"description\":\"\",\"publisher\":{\"@id\":\"https:\\\/\\\/researchimpact.ca\\\/fr\\\/#organization\"},\"potentialAction\":[{\"@type\":\"SearchAction\",\"target\":{\"@type\":\"EntryPoint\",\"urlTemplate\":\"https:\\\/\\\/researchimpact.ca\\\/fr\\\/?s={search_term_string}\"},\"query-input\":{\"@type\":\"PropertyValueSpecification\",\"valueRequired\":true,\"valueName\":\"search_term_string\"}}],\"inLanguage\":\"fr-FR\"},{\"@type\":\"Organization\",\"@id\":\"https:\\\/\\\/researchimpact.ca\\\/fr\\\/#organization\",\"name\":\"Research Impact Canada\",\"url\":\"https:\\\/\\\/researchimpact.ca\\\/fr\\\/\",\"logo\":{\"@type\":\"ImageObject\",\"inLanguage\":\"fr-FR\",\"@id\":\"https:\\\/\\\/researchimpact.ca\\\/fr\\\/#\\\/schema\\\/logo\\\/image\\\/\",\"url\":\"https:\\\/\\\/researchimpact.ca\\\/wp-content\\\/uploads\\\/RIC-FR-CMYK.jpg\",\"contentUrl\":\"https:\\\/\\\/researchimpact.ca\\\/wp-content\\\/uploads\\\/RIC-FR-CMYK.jpg\",\"width\":286,\"height\":66,\"caption\":\"Research Impact Canada\"},\"image\":{\"@id\":\"https:\\\/\\\/researchimpact.ca\\\/fr\\\/#\\\/schema\\\/logo\\\/image\\\/\"}},{\"@type\":\"Person\",\"@id\":\"https:\\\/\\\/researchimpact.ca\\\/fr\\\/#\\\/schema\\\/person\\\/836cf0d03e4199b502bd93568fcc66f6\",\"name\":\"Sandy Chan\",\"url\":\"https:\\\/\\\/researchimpact.ca\\\/fr\\\/author\\\/sandy-chan\\\/\"}]}<\/script>\n<!-- \/ Yoast SEO plugin. -->","yoast_head_json":{"title":"Laur\u00e9at du Prix pour le savoir engag\u00e9 du RIRC\u00a02026 (cat\u00e9gorie doctorat)\u00a0: Amish Dua - Research Impact Canada","robots":{"index":"index","follow":"follow","max-snippet":"max-snippet:-1","max-image-preview":"max-image-preview:large","max-video-preview":"max-video-preview:-1"},"canonical":"https:\/\/researchimpact.ca\/fr\/annonces\/laureat-du-prix-pour-le-savoir-engage-du-rirc-2026-categorie-doctorat-amish-dua\/","og_locale":"fr_FR","og_type":"article","og_title":"Laur\u00e9at du Prix pour le savoir engag\u00e9 du RIRC\u00a02026 (cat\u00e9gorie doctorat)\u00a0: Amish Dua - Research Impact Canada","og_description":"\u00c0 propos du projet Apprendre ensemble sur le caribou Depuis des mill\u00e9naires, le caribou rev\u00eat une importance culturelle, spirituelle et \u00e9conomique particuli\u00e8re pour les communaut\u00e9s autochtones. On sait qu\u2019il constitue une source de nourriture essentielle, mais il repr\u00e9sente aussi bien plus que cela. Pour de nombreuses communaut\u00e9s, le caribou est li\u00e9 \u00e0 l\u2019identit\u00e9, aux relations, [...]Lire la suite\u2026 from Laur\u00e9at du Prix pour le savoir engag\u00e9 du RIRC\u00a02026 (cat\u00e9gorie doctorat)\u00a0: Amish Dua","og_url":"https:\/\/researchimpact.ca\/fr\/annonces\/laureat-du-prix-pour-le-savoir-engage-du-rirc-2026-categorie-doctorat-amish-dua\/","og_site_name":"Research Impact Canada","article_published_time":"2026-06-12T21:56:32+00:00","article_modified_time":"2026-07-03T16:10:08+00:00","og_image":[{"width":329,"height":438,"url":"https:\/\/researchimpact.ca\/wp-content\/uploads\/AD_Elder.png","type":"image\/png"}],"author":"Sandy Chan","twitter_card":"summary_large_image","twitter_misc":{"\u00c9crit par":"Sandy Chan","Dur\u00e9e de lecture estim\u00e9e":"5 minutes"},"schema":{"@context":"https:\/\/schema.org","@graph":[{"@type":"Article","@id":"https:\/\/researchimpact.ca\/fr\/annonces\/laureat-du-prix-pour-le-savoir-engage-du-rirc-2026-categorie-doctorat-amish-dua\/#article","isPartOf":{"@id":"https:\/\/researchimpact.ca\/fr\/annonces\/laureat-du-prix-pour-le-savoir-engage-du-rirc-2026-categorie-doctorat-amish-dua\/"},"author":{"name":"Sandy Chan","@id":"https:\/\/researchimpact.ca\/fr\/#\/schema\/person\/836cf0d03e4199b502bd93568fcc66f6"},"headline":"Laur\u00e9at du Prix pour le savoir engag\u00e9 du RIRC\u00a02026 (cat\u00e9gorie doctorat)\u00a0: Amish Dua","datePublished":"2026-06-12T21:56:32+00:00","dateModified":"2026-07-03T16:10:08+00:00","mainEntityOfPage":{"@id":"https:\/\/researchimpact.ca\/fr\/annonces\/laureat-du-prix-pour-le-savoir-engage-du-rirc-2026-categorie-doctorat-amish-dua\/"},"wordCount":1117,"publisher":{"@id":"https:\/\/researchimpact.ca\/fr\/#organization"},"image":{"@id":"https:\/\/researchimpact.ca\/fr\/annonces\/laureat-du-prix-pour-le-savoir-engage-du-rirc-2026-categorie-doctorat-amish-dua\/#primaryimage"},"thumbnailUrl":"https:\/\/researchimpact.ca\/wp-content\/uploads\/AD_Elder.png","articleSection":["Annonces","Prix du RIRC"],"inLanguage":"fr-FR"},{"@type":"WebPage","@id":"https:\/\/researchimpact.ca\/fr\/annonces\/laureat-du-prix-pour-le-savoir-engage-du-rirc-2026-categorie-doctorat-amish-dua\/","url":"https:\/\/researchimpact.ca\/fr\/annonces\/laureat-du-prix-pour-le-savoir-engage-du-rirc-2026-categorie-doctorat-amish-dua\/","name":"Laur\u00e9at du Prix pour le savoir engag\u00e9 du RIRC\u00a02026 (cat\u00e9gorie doctorat)\u00a0: Amish Dua - Research Impact Canada","isPartOf":{"@id":"https:\/\/researchimpact.ca\/fr\/#website"},"primaryImageOfPage":{"@id":"https:\/\/researchimpact.ca\/fr\/annonces\/laureat-du-prix-pour-le-savoir-engage-du-rirc-2026-categorie-doctorat-amish-dua\/#primaryimage"},"image":{"@id":"https:\/\/researchimpact.ca\/fr\/annonces\/laureat-du-prix-pour-le-savoir-engage-du-rirc-2026-categorie-doctorat-amish-dua\/#primaryimage"},"thumbnailUrl":"https:\/\/researchimpact.ca\/wp-content\/uploads\/AD_Elder.png","datePublished":"2026-06-12T21:56:32+00:00","dateModified":"2026-07-03T16:10:08+00:00","breadcrumb":{"@id":"https:\/\/researchimpact.ca\/fr\/annonces\/laureat-du-prix-pour-le-savoir-engage-du-rirc-2026-categorie-doctorat-amish-dua\/#breadcrumb"},"inLanguage":"fr-FR","potentialAction":[{"@type":"ReadAction","target":["https:\/\/researchimpact.ca\/fr\/annonces\/laureat-du-prix-pour-le-savoir-engage-du-rirc-2026-categorie-doctorat-amish-dua\/"]}]},{"@type":"ImageObject","inLanguage":"fr-FR","@id":"https:\/\/researchimpact.ca\/fr\/annonces\/laureat-du-prix-pour-le-savoir-engage-du-rirc-2026-categorie-doctorat-amish-dua\/#primaryimage","url":"https:\/\/researchimpact.ca\/wp-content\/uploads\/AD_Elder.png","contentUrl":"https:\/\/researchimpact.ca\/wp-content\/uploads\/AD_Elder.png"},{"@type":"BreadcrumbList","@id":"https:\/\/researchimpact.ca\/fr\/annonces\/laureat-du-prix-pour-le-savoir-engage-du-rirc-2026-categorie-doctorat-amish-dua\/#breadcrumb","itemListElement":[{"@type":"ListItem","position":1,"name":"Home","item":"https:\/\/researchimpact.ca\/fr\/accueil\/"},{"@type":"ListItem","position":2,"name":"Laur\u00e9at du Prix pour le savoir engag\u00e9 du RIRC\u00a02026 (cat\u00e9gorie doctorat)\u00a0: Amish Dua"}]},{"@type":"WebSite","@id":"https:\/\/researchimpact.ca\/fr\/#website","url":"https:\/\/researchimpact.ca\/fr\/","name":"Research Impact Canada","description":"","publisher":{"@id":"https:\/\/researchimpact.ca\/fr\/#organization"},"potentialAction":[{"@type":"SearchAction","target":{"@type":"EntryPoint","urlTemplate":"https:\/\/researchimpact.ca\/fr\/?s={search_term_string}"},"query-input":{"@type":"PropertyValueSpecification","valueRequired":true,"valueName":"search_term_string"}}],"inLanguage":"fr-FR"},{"@type":"Organization","@id":"https:\/\/researchimpact.ca\/fr\/#organization","name":"Research Impact Canada","url":"https:\/\/researchimpact.ca\/fr\/","logo":{"@type":"ImageObject","inLanguage":"fr-FR","@id":"https:\/\/researchimpact.ca\/fr\/#\/schema\/logo\/image\/","url":"https:\/\/researchimpact.ca\/wp-content\/uploads\/RIC-FR-CMYK.jpg","contentUrl":"https:\/\/researchimpact.ca\/wp-content\/uploads\/RIC-FR-CMYK.jpg","width":286,"height":66,"caption":"Research Impact Canada"},"image":{"@id":"https:\/\/researchimpact.ca\/fr\/#\/schema\/logo\/image\/"}},{"@type":"Person","@id":"https:\/\/researchimpact.ca\/fr\/#\/schema\/person\/836cf0d03e4199b502bd93568fcc66f6","name":"Sandy Chan","url":"https:\/\/researchimpact.ca\/fr\/author\/sandy-chan\/"}]}},"_links":{"self":[{"href":"https:\/\/researchimpact.ca\/fr\/wp-json\/wp\/v2\/posts\/22319","targetHints":{"allow":["GET"]}}],"collection":[{"href":"https:\/\/researchimpact.ca\/fr\/wp-json\/wp\/v2\/posts"}],"about":[{"href":"https:\/\/researchimpact.ca\/fr\/wp-json\/wp\/v2\/types\/post"}],"author":[{"embeddable":true,"href":"https:\/\/researchimpact.ca\/fr\/wp-json\/wp\/v2\/users\/31"}],"replies":[{"embeddable":true,"href":"https:\/\/researchimpact.ca\/fr\/wp-json\/wp\/v2\/comments?post=22319"}],"version-history":[{"count":0,"href":"https:\/\/researchimpact.ca\/fr\/wp-json\/wp\/v2\/posts\/22319\/revisions"}],"wp:attachment":[{"href":"https:\/\/researchimpact.ca\/fr\/wp-json\/wp\/v2\/media?parent=22319"}],"wp:term":[{"taxonomy":"category","embeddable":true,"href":"https:\/\/researchimpact.ca\/fr\/wp-json\/wp\/v2\/categories?post=22319"},{"taxonomy":"post_tag","embeddable":true,"href":"https:\/\/researchimpact.ca\/fr\/wp-json\/wp\/v2\/tags?post=22319"}],"curies":[{"name":"wp","href":"https:\/\/api.w.org\/{rel}","templated":true}]}}