{"id":22391,"date":"2026-08-10T09:31:58","date_gmt":"2026-08-10T13:31:58","guid":{"rendered":"https:\/\/researchimpact.ca\/?p=22391"},"modified":"2026-08-14T13:57:13","modified_gmt":"2026-08-14T17:57:13","slug":"rencontre-mega-mobilizer","status":"publish","type":"post","link":"https:\/\/researchimpact.ca\/fr\/annonces-fcm\/rencontre-mega-mobilizer\/","title":{"rendered":"Rencontre \u00ab Mega Mobilizer \u00bb"},"content":{"rendered":"\n<p class=\"wp-block-paragraph\">(ou : que s&rsquo;est-il pass\u00e9 lors du Forum canadien sur la mobilisation des connaissances \u2013 FCM26 \u2013 et de l&rsquo;assembl\u00e9e g\u00e9n\u00e9rale annuelle de RIRC en juillet 2026 ?)<\/p>\n\n\n\n<p class=\"wp-block-paragraph\">Par David Phipps, Universit\u00e9 York et R\u00e9seau Impact Recherche Canada<\/p>\n\n\n\n<p class=\"wp-block-paragraph\"><em>Plus de 200 acteurs de la mobilisation des connaissances \u2013 enseignants, \u00e9tudiants et membres du personnel \u2013 se sont r\u00e9unis \u00e0 Toronto pour le FCM26 du 28 au 30 juillet. Parmi eux, 70 ont particip\u00e9 aux festivit\u00e9s marquant le 20e anniversaire de R\u00e9seau Impact Recherche Canada (RIRC), puis plus de 20 sont rest\u00e9s pour l\u2019assembl\u00e9e g\u00e9n\u00e9rale annuelle de RIRC les 30 et 31 juillet, rejoints par plus de 15 participants en ligne.<\/em><\/p>\n\n\n\n<ul class=\"wp-block-list\">\n<li>Plus de 200 mobilisateurs<\/li>\n\n\n\n<li>3 m\u00e9ga-activit\u00e9s de mobilisation<\/li>\n\n\n\n<li>1 r\u00e9sultat exceptionnel = des liens<\/li>\n<\/ul>\n\n\n\n<p class=\"wp-block-paragraph\"><\/p>\n\n\n\n<p class=\"wp-block-paragraph\"><strong>Des liens tiss\u00e9s lors du FCM26<\/strong><\/p>\n\n\n\n<p class=\"wp-block-paragraph\">Le FCM est la conf\u00e9rence biennale canadienne sur la mobilisation des connaissances, qui s\u2019est tenue chaque ann\u00e9e de 2012 \u00e0 2018, puis tous les deux ans depuis lors. Au programme : discours d\u2019ouverture, pr\u00e9sentations \u00e9clair, ateliers, tables rondes et pr\u00e9sentations par affiches. Au total, 73 contributions ont \u00e9t\u00e9 partag\u00e9es. Beaucoup d\u2019entre elles ont \u00e9voqu\u00e9 la n\u00e9cessit\u00e9 de tisser des liens et de nouer des relations. Nous savons que la mobilisation des connaissances passe davantage par les relations que par la diffusion.<\/p>\n\n\n\n<p class=\"wp-block-paragraph\"><strong>Rencontres (et retrouvailles) lors du 20e anniversaire du RIRC<\/strong><\/p>\n\n\n\n<p class=\"wp-block-paragraph\">Nous avons accueilli Martin Taylor, ancien vice-pr\u00e9sident charg\u00e9 de la recherche \u00e0 l\u2019universit\u00e9 de Victoria, qui s\u2019est associ\u00e9 \u00e0 l\u2019universit\u00e9 York pour lancer le RIRC en 2006. Connie Tang, qui a occup\u00e9 le poste de directrice des op\u00e9rations du RIRC de 2019 \u00e0 2025, s\u2019est jointe \u00e0 nous. De nombreuses autres personnes ayant \u00e9t\u00e9 li\u00e9es au RIRC au cours de ces 20 ann\u00e9es ont \u00e9galement pris la parole lors de cette c\u00e9l\u00e9bration. Nous avons m\u00eame accueilli Peter Levesque, qui r\u00eavait d\u2019une mobilisation des connaissances \u00e0 l\u2019\u00e9chelle du Canada avec David Phipps avant m\u00eame que le RIRC ne soit une id\u00e9e novatrice. Des liens se sont tiss\u00e9s et d\u2019autres ont \u00e9t\u00e9 renou\u00e9s.<\/p>\n\n\n\n<p class=\"wp-block-paragraph\"><strong>Rencontres lors de l\u2019assembl\u00e9e g\u00e9n\u00e9rale annuelle du RIRC<\/strong><\/p>\n\n\n\n<p class=\"wp-block-paragraph\">L\u2019assembl\u00e9e g\u00e9n\u00e9rale annuelle est la r\u00e9union de travail du R\u00e9seau. Elle offre l\u2019occasion de faire le bilan de l\u2019ann\u00e9e \u00e9coul\u00e9e, mais aussi de se tourner vers l\u2019ann\u00e9e suivante et les ann\u00e9es \u00e0 venir. Cette r\u00e9union a rev\u00eatu une importance particuli\u00e8re, car 2027 marque un tournant pour le RIRC.<\/p>\n\n\n\n<ul class=\"wp-block-list\">\n<li>La composition du comit\u00e9 de mise en \u0153uvre du RIRC a \u00e9t\u00e9 rajeunie avec l\u2019arriv\u00e9e de quatre nouveaux membres : Eli Friedland (Universit\u00e9 Concordia), Deb Denman (Centre d\u2019excellence sur la douleur chronique pour les anciens combattants canadiens), Jayne Morrish (Universit\u00e9 Brock) et Barb Flynn (Universit\u00e9 de Regina).<\/li>\n\n\n\n<li>Le plan strat\u00e9gique du RIRC couvre la p\u00e9riode 2024-2027.<\/li>\n\n\n\n<li>L\u2019accord de r\u00e9seau du RIRC couvre la p\u00e9riode 2024-2027.<\/li>\n\n\n\n<li>Le RIRC a commenc\u00e9 \u00e0 r\u00e9fl\u00e9chir \u00e0 la recherche d\u2019une nouvelle institution chef de file, puisque l\u2019universit\u00e9 de York occupe ce r\u00f4le depuis 20 ans et que le r\u00e9seau peut tirer profit d\u2019un nouveau leadership.<\/li>\n<\/ul>\n\n\n\n<p class=\"wp-block-paragraph\"><\/p>\n\n\n\n<p class=\"wp-block-paragraph\">Outre l\u2019accueil des quatre nouveaux membres du comit\u00e9 de mise en \u0153uvre, cette r\u00e9union a \u00e9t\u00e9 l\u2019occasion d\u2019\u00e9couter, et non de prendre des d\u00e9cisions. Celles-ci seront prises par le comit\u00e9 de mise en \u0153uvre plus tard en 2026, \u00e0 la suite des contributions des membres du RIRC.<\/p>\n\n\n\n<p class=\"wp-block-paragraph\">Dans sa pr\u00e9sentation consacr\u00e9e \u00e0 l\u2019\u00e9valuation du r\u00e9seau RIRC, le professeur associ\u00e9 Stephen MacGregor a utilis\u00e9 l\u2019\u00ab Institutional Healthcheck \u00bb (s\u2019ouvre dans un nouvel onglet) pour l\u2019auto-\u00e9valuation des institutions et a constat\u00e9 que les liens \u00e9taient cit\u00e9s comme l\u2019\u00e9l\u00e9ment essentiel par rapport \u00e0 l\u2019engagement, la clart\u00e9, les comp\u00e9tences et la coproduction. Son \u00e9valuation a \u00e9galement d\u00e9montr\u00e9 que le RIRC fournit un cadre national favorisant les liens en mati\u00e8re de formation, d\u2019outils et de plaidoyer pour la mobilisation des connaissances.<\/p>\n\n\n\n<p class=\"wp-block-paragraph\">De nombreux messages \u2013 trop nombreux pour \u00eatre tous cit\u00e9s ici \u2013 ont \u00e9t\u00e9 publi\u00e9s sur LinkedIn \u00e0 propos du FCM26 et de la r\u00e9union annuelle du RIRC. En voici quelques-uns particuli\u00e8rement remarquables :<\/p>\n\n\n\n<p class=\"wp-block-paragraph\">\u00ab Trois journ\u00e9es fantastiques au Forum canadien sur la mobilisation des connaissances, consacr\u00e9es \u00e0 l\u2019exploration de moyens de cr\u00e9er des liens avec notre communaut\u00e9, de communiquer les donn\u00e9es probantes \u00e0 diff\u00e9rents publics et d\u2019amplifier l\u2019impact de nos recherches. \u00bb<\/p>\n\n\n\n<ul class=\"wp-block-list\">\n<li>Elnaz Moghimi, Waypoint Centre for Mental Health Care<\/li>\n<\/ul>\n\n\n\n<p class=\"wp-block-paragraph\">\u00ab Merci aux organisateurs et organisatrices. Vous avez livr\u00e9 une grande \u00e9dition de ce rendez-vous incontournable. \u00bb<\/p>\n\n\n\n<ul class=\"wp-block-list\">\n<li>Luc Dancause, consultant en gestion et partage des connaissances chez Sapiens conseils<\/li>\n<\/ul>\n\n\n\n<p class=\"wp-block-paragraph\">\u00ab Fatigu\u00e9e, mais je garde le sourire. Des apprentissages, du partage, des conversations, des liens. Le Forum canadien sur la mobilisation des connaissances d\u00e9gage une ambiance incroyable gr\u00e2ce \u00e0 la belle communaut\u00e9 de Research Impact Canada. \u00bb<\/p>\n\n\n\n<ul class=\"wp-block-list\">\n<li>Patricia Dias da Silva, courti\u00e8re en connaissances au CReSP<\/li>\n<\/ul>\n\n\n\n<figure class=\"wp-block-image size-large\"><img loading=\"lazy\" decoding=\"async\" width=\"471\" height=\"1024\" src=\"https:\/\/researchimpact.ca\/wp-content\/uploads\/2026-08-02-17.32.37-471x1024.jpg\" alt=\"\" class=\"wp-image-22375\" srcset=\"https:\/\/researchimpact.ca\/wp-content\/uploads\/2026-08-02-17.32.37-471x1024.jpg 471w, https:\/\/researchimpact.ca\/wp-content\/uploads\/2026-08-02-17.32.37-138x300.jpg 138w, https:\/\/researchimpact.ca\/wp-content\/uploads\/2026-08-02-17.32.37-768x1670.jpg 768w, https:\/\/researchimpact.ca\/wp-content\/uploads\/2026-08-02-17.32.37-707x1536.jpg 707w, https:\/\/researchimpact.ca\/wp-content\/uploads\/2026-08-02-17.32.37.jpg 942w\" sizes=\"auto, (max-width: 471px) 100vw, 471px\" \/><\/figure>\n\n\n\n<p class=\"wp-block-paragraph\">Puis David a profit\u00e9 d\u2019un week-end prolong\u00e9 pour prendre la meilleure photo qui soit d\u2019un \u00e9cureuil assis sur son genou, en train de mobiliser des amandes plut\u00f4t que des connaissances.<\/p>\n","protected":false},"excerpt":{"rendered":"<p>(ou : que s&rsquo;est-il pass\u00e9 lors du Forum canadien sur la mobilisation des connaissances \u2013 FCM26 \u2013 et de l&rsquo;assembl\u00e9e g\u00e9n\u00e9rale annuelle de RIRC en juillet 2026 ?) Par David Phipps, Universit\u00e9 York et R\u00e9seau Impact Recherche Canada Plus de 200 acteurs de la mobilisation des connaissances \u2013 enseignants, \u00e9tudiants et membres du personnel \u2013 [&#8230;]<\/p>\n<p><a class=\"btn btn-secondary understrap-read-more-link\" href=\"https:\/\/researchimpact.ca\/fr\/annonces-fcm\/rencontre-mega-mobilizer\/\">Lire la suite\u2026<span class=\"screen-reader-text\"> from Rencontre \u00ab Mega Mobilizer \u00bb<\/span><\/a><\/p>\n","protected":false},"author":31,"featured_media":0,"comment_status":"closed","ping_status":"closed","sticky":false,"template":"","format":"standard","meta":{"_acf_changed":false,"footnotes":""},"categories":[2303,1479],"tags":[],"class_list":["post-22391","post","type-post","status-publish","format-standard","hentry","category-annonces-fcm","category-en-vedette"],"acf":[],"yoast_head":"<!-- This site is optimized with the Yoast SEO plugin v28.2 - https:\/\/yoast.com\/product\/yoast-seo-wordpress\/ -->\n<title>Rencontre \u00ab Mega Mobilizer \u00bb - Research Impact Canada<\/title>\n<meta name=\"robots\" content=\"index, follow, max-snippet:-1, max-image-preview:large, max-video-preview:-1\" \/>\n<link rel=\"canonical\" href=\"https:\/\/researchimpact.ca\/fr\/annonces-fcm\/rencontre-mega-mobilizer\/\" \/>\n<meta property=\"og:locale\" content=\"fr_FR\" \/>\n<meta property=\"og:type\" content=\"article\" \/>\n<meta property=\"og:title\" content=\"Rencontre \u00ab Mega Mobilizer \u00bb - Research Impact Canada\" \/>\n<meta property=\"og:description\" content=\"(ou : que s&rsquo;est-il pass\u00e9 lors du Forum canadien sur la mobilisation des connaissances \u2013 FCM26 \u2013 et de l&rsquo;assembl\u00e9e g\u00e9n\u00e9rale annuelle de RIRC en juillet 2026 ?) Par David Phipps, Universit\u00e9 York et R\u00e9seau Impact Recherche Canada Plus de 200 acteurs de la mobilisation des connaissances \u2013 enseignants, \u00e9tudiants et membres du personnel \u2013 [...]Lire la suite\u2026 from Rencontre \u00ab Mega Mobilizer \u00bb\" \/>\n<meta property=\"og:url\" content=\"https:\/\/researchimpact.ca\/fr\/annonces-fcm\/rencontre-mega-mobilizer\/\" \/>\n<meta property=\"og:site_name\" content=\"Research Impact Canada\" \/>\n<meta property=\"article:published_time\" content=\"2026-08-10T13:31:58+00:00\" \/>\n<meta property=\"article:modified_time\" content=\"2026-08-14T17:57:13+00:00\" \/>\n<meta property=\"og:image\" content=\"https:\/\/researchimpact.ca\/wp-content\/uploads\/2026-08-02-17.32.37.jpg\" \/>\n\t<meta property=\"og:image:width\" content=\"942\" \/>\n\t<meta property=\"og:image:height\" content=\"2048\" \/>\n\t<meta property=\"og:image:type\" content=\"image\/jpeg\" \/>\n<meta name=\"author\" content=\"Sandy Chan\" \/>\n<meta name=\"twitter:card\" content=\"summary_large_image\" \/>\n<meta name=\"twitter:label1\" content=\"\u00c9crit par\" \/>\n\t<meta name=\"twitter:data1\" content=\"Sandy Chan\" \/>\n\t<meta name=\"twitter:label2\" content=\"Dur\u00e9e de lecture estim\u00e9e\" \/>\n\t<meta name=\"twitter:data2\" content=\"4 minutes\" \/>\n<script type=\"application\/ld+json\" class=\"yoast-schema-graph\">{\"@context\":\"https:\\\/\\\/schema.org\",\"@graph\":[{\"@type\":\"Article\",\"@id\":\"https:\\\/\\\/researchimpact.ca\\\/fr\\\/annonces-fcm\\\/rencontre-mega-mobilizer\\\/#article\",\"isPartOf\":{\"@id\":\"https:\\\/\\\/researchimpact.ca\\\/fr\\\/annonces-fcm\\\/rencontre-mega-mobilizer\\\/\"},\"author\":{\"name\":\"Sandy Chan\",\"@id\":\"https:\\\/\\\/researchimpact.ca\\\/fr\\\/#\\\/schema\\\/person\\\/836cf0d03e4199b502bd93568fcc66f6\"},\"headline\":\"Rencontre \u00ab Mega Mobilizer \u00bb\",\"datePublished\":\"2026-08-10T13:31:58+00:00\",\"dateModified\":\"2026-08-14T17:57:13+00:00\",\"mainEntityOfPage\":{\"@id\":\"https:\\\/\\\/researchimpact.ca\\\/fr\\\/annonces-fcm\\\/rencontre-mega-mobilizer\\\/\"},\"wordCount\":862,\"publisher\":{\"@id\":\"https:\\\/\\\/researchimpact.ca\\\/fr\\\/#organization\"},\"image\":{\"@id\":\"https:\\\/\\\/researchimpact.ca\\\/fr\\\/annonces-fcm\\\/rencontre-mega-mobilizer\\\/#primaryimage\"},\"thumbnailUrl\":\"https:\\\/\\\/researchimpact.ca\\\/wp-content\\\/uploads\\\/2026-08-02-17.32.37-471x1024.jpg\",\"articleSection\":[\"Annonces-FCM\",\"En vedette\"],\"inLanguage\":\"fr-FR\"},{\"@type\":\"WebPage\",\"@id\":\"https:\\\/\\\/researchimpact.ca\\\/fr\\\/annonces-fcm\\\/rencontre-mega-mobilizer\\\/\",\"url\":\"https:\\\/\\\/researchimpact.ca\\\/fr\\\/annonces-fcm\\\/rencontre-mega-mobilizer\\\/\",\"name\":\"Rencontre \u00ab Mega Mobilizer \u00bb - Research Impact Canada\",\"isPartOf\":{\"@id\":\"https:\\\/\\\/researchimpact.ca\\\/fr\\\/#website\"},\"primaryImageOfPage\":{\"@id\":\"https:\\\/\\\/researchimpact.ca\\\/fr\\\/annonces-fcm\\\/rencontre-mega-mobilizer\\\/#primaryimage\"},\"image\":{\"@id\":\"https:\\\/\\\/researchimpact.ca\\\/fr\\\/annonces-fcm\\\/rencontre-mega-mobilizer\\\/#primaryimage\"},\"thumbnailUrl\":\"https:\\\/\\\/researchimpact.ca\\\/wp-content\\\/uploads\\\/2026-08-02-17.32.37-471x1024.jpg\",\"datePublished\":\"2026-08-10T13:31:58+00:00\",\"dateModified\":\"2026-08-14T17:57:13+00:00\",\"breadcrumb\":{\"@id\":\"https:\\\/\\\/researchimpact.ca\\\/fr\\\/annonces-fcm\\\/rencontre-mega-mobilizer\\\/#breadcrumb\"},\"inLanguage\":\"fr-FR\",\"potentialAction\":[{\"@type\":\"ReadAction\",\"target\":[\"https:\\\/\\\/researchimpact.ca\\\/fr\\\/annonces-fcm\\\/rencontre-mega-mobilizer\\\/\"]}]},{\"@type\":\"ImageObject\",\"inLanguage\":\"fr-FR\",\"@id\":\"https:\\\/\\\/researchimpact.ca\\\/fr\\\/annonces-fcm\\\/rencontre-mega-mobilizer\\\/#primaryimage\",\"url\":\"https:\\\/\\\/researchimpact.ca\\\/wp-content\\\/uploads\\\/2026-08-02-17.32.37-471x1024.jpg\",\"contentUrl\":\"https:\\\/\\\/researchimpact.ca\\\/wp-content\\\/uploads\\\/2026-08-02-17.32.37-471x1024.jpg\"},{\"@type\":\"BreadcrumbList\",\"@id\":\"https:\\\/\\\/researchimpact.ca\\\/fr\\\/annonces-fcm\\\/rencontre-mega-mobilizer\\\/#breadcrumb\",\"itemListElement\":[{\"@type\":\"ListItem\",\"position\":1,\"name\":\"Home\",\"item\":\"https:\\\/\\\/researchimpact.ca\\\/fr\\\/accueil\\\/\"},{\"@type\":\"ListItem\",\"position\":2,\"name\":\"Rencontre \u00ab Mega Mobilizer \u00bb\"}]},{\"@type\":\"WebSite\",\"@id\":\"https:\\\/\\\/researchimpact.ca\\\/fr\\\/#website\",\"url\":\"https:\\\/\\\/researchimpact.ca\\\/fr\\\/\",\"name\":\"Research Impact Canada\",\"description\":\"\",\"publisher\":{\"@id\":\"https:\\\/\\\/researchimpact.ca\\\/fr\\\/#organization\"},\"potentialAction\":[{\"@type\":\"SearchAction\",\"target\":{\"@type\":\"EntryPoint\",\"urlTemplate\":\"https:\\\/\\\/researchimpact.ca\\\/fr\\\/?s={search_term_string}\"},\"query-input\":{\"@type\":\"PropertyValueSpecification\",\"valueRequired\":true,\"valueName\":\"search_term_string\"}}],\"inLanguage\":\"fr-FR\"},{\"@type\":\"Organization\",\"@id\":\"https:\\\/\\\/researchimpact.ca\\\/fr\\\/#organization\",\"name\":\"Research Impact Canada\",\"url\":\"https:\\\/\\\/researchimpact.ca\\\/fr\\\/\",\"logo\":{\"@type\":\"ImageObject\",\"inLanguage\":\"fr-FR\",\"@id\":\"https:\\\/\\\/researchimpact.ca\\\/fr\\\/#\\\/schema\\\/logo\\\/image\\\/\",\"url\":\"https:\\\/\\\/researchimpact.ca\\\/wp-content\\\/uploads\\\/RIC-FR-CMYK.jpg\",\"contentUrl\":\"https:\\\/\\\/researchimpact.ca\\\/wp-content\\\/uploads\\\/RIC-FR-CMYK.jpg\",\"width\":286,\"height\":66,\"caption\":\"Research Impact Canada\"},\"image\":{\"@id\":\"https:\\\/\\\/researchimpact.ca\\\/fr\\\/#\\\/schema\\\/logo\\\/image\\\/\"}},{\"@type\":\"Person\",\"@id\":\"https:\\\/\\\/researchimpact.ca\\\/fr\\\/#\\\/schema\\\/person\\\/836cf0d03e4199b502bd93568fcc66f6\",\"name\":\"Sandy Chan\",\"url\":\"https:\\\/\\\/researchimpact.ca\\\/fr\\\/author\\\/sandy-chan\\\/\"}]}<\/script>\n<!-- \/ Yoast SEO plugin. -->","yoast_head_json":{"title":"Rencontre \u00ab Mega Mobilizer \u00bb - Research Impact Canada","robots":{"index":"index","follow":"follow","max-snippet":"max-snippet:-1","max-image-preview":"max-image-preview:large","max-video-preview":"max-video-preview:-1"},"canonical":"https:\/\/researchimpact.ca\/fr\/annonces-fcm\/rencontre-mega-mobilizer\/","og_locale":"fr_FR","og_type":"article","og_title":"Rencontre \u00ab Mega Mobilizer \u00bb - Research Impact Canada","og_description":"(ou : que s&rsquo;est-il pass\u00e9 lors du Forum canadien sur la mobilisation des connaissances \u2013 FCM26 \u2013 et de l&rsquo;assembl\u00e9e g\u00e9n\u00e9rale annuelle de RIRC en juillet 2026 ?) Par David Phipps, Universit\u00e9 York et R\u00e9seau Impact Recherche Canada Plus de 200 acteurs de la mobilisation des connaissances \u2013 enseignants, \u00e9tudiants et membres du personnel \u2013 [...]Lire la suite\u2026 from Rencontre \u00ab Mega Mobilizer \u00bb","og_url":"https:\/\/researchimpact.ca\/fr\/annonces-fcm\/rencontre-mega-mobilizer\/","og_site_name":"Research Impact Canada","article_published_time":"2026-08-10T13:31:58+00:00","article_modified_time":"2026-08-14T17:57:13+00:00","og_image":[{"width":942,"height":2048,"url":"https:\/\/researchimpact.ca\/wp-content\/uploads\/2026-08-02-17.32.37.jpg","type":"image\/jpeg"}],"author":"Sandy Chan","twitter_card":"summary_large_image","twitter_misc":{"\u00c9crit par":"Sandy Chan","Dur\u00e9e de lecture estim\u00e9e":"4 minutes"},"schema":{"@context":"https:\/\/schema.org","@graph":[{"@type":"Article","@id":"https:\/\/researchimpact.ca\/fr\/annonces-fcm\/rencontre-mega-mobilizer\/#article","isPartOf":{"@id":"https:\/\/researchimpact.ca\/fr\/annonces-fcm\/rencontre-mega-mobilizer\/"},"author":{"name":"Sandy Chan","@id":"https:\/\/researchimpact.ca\/fr\/#\/schema\/person\/836cf0d03e4199b502bd93568fcc66f6"},"headline":"Rencontre \u00ab Mega Mobilizer \u00bb","datePublished":"2026-08-10T13:31:58+00:00","dateModified":"2026-08-14T17:57:13+00:00","mainEntityOfPage":{"@id":"https:\/\/researchimpact.ca\/fr\/annonces-fcm\/rencontre-mega-mobilizer\/"},"wordCount":862,"publisher":{"@id":"https:\/\/researchimpact.ca\/fr\/#organization"},"image":{"@id":"https:\/\/researchimpact.ca\/fr\/annonces-fcm\/rencontre-mega-mobilizer\/#primaryimage"},"thumbnailUrl":"https:\/\/researchimpact.ca\/wp-content\/uploads\/2026-08-02-17.32.37-471x1024.jpg","articleSection":["Annonces-FCM","En vedette"],"inLanguage":"fr-FR"},{"@type":"WebPage","@id":"https:\/\/researchimpact.ca\/fr\/annonces-fcm\/rencontre-mega-mobilizer\/","url":"https:\/\/researchimpact.ca\/fr\/annonces-fcm\/rencontre-mega-mobilizer\/","name":"Rencontre \u00ab Mega Mobilizer \u00bb - Research Impact Canada","isPartOf":{"@id":"https:\/\/researchimpact.ca\/fr\/#website"},"primaryImageOfPage":{"@id":"https:\/\/researchimpact.ca\/fr\/annonces-fcm\/rencontre-mega-mobilizer\/#primaryimage"},"image":{"@id":"https:\/\/researchimpact.ca\/fr\/annonces-fcm\/rencontre-mega-mobilizer\/#primaryimage"},"thumbnailUrl":"https:\/\/researchimpact.ca\/wp-content\/uploads\/2026-08-02-17.32.37-471x1024.jpg","datePublished":"2026-08-10T13:31:58+00:00","dateModified":"2026-08-14T17:57:13+00:00","breadcrumb":{"@id":"https:\/\/researchimpact.ca\/fr\/annonces-fcm\/rencontre-mega-mobilizer\/#breadcrumb"},"inLanguage":"fr-FR","potentialAction":[{"@type":"ReadAction","target":["https:\/\/researchimpact.ca\/fr\/annonces-fcm\/rencontre-mega-mobilizer\/"]}]},{"@type":"ImageObject","inLanguage":"fr-FR","@id":"https:\/\/researchimpact.ca\/fr\/annonces-fcm\/rencontre-mega-mobilizer\/#primaryimage","url":"https:\/\/researchimpact.ca\/wp-content\/uploads\/2026-08-02-17.32.37-471x1024.jpg","contentUrl":"https:\/\/researchimpact.ca\/wp-content\/uploads\/2026-08-02-17.32.37-471x1024.jpg"},{"@type":"BreadcrumbList","@id":"https:\/\/researchimpact.ca\/fr\/annonces-fcm\/rencontre-mega-mobilizer\/#breadcrumb","itemListElement":[{"@type":"ListItem","position":1,"name":"Home","item":"https:\/\/researchimpact.ca\/fr\/accueil\/"},{"@type":"ListItem","position":2,"name":"Rencontre \u00ab Mega Mobilizer \u00bb"}]},{"@type":"WebSite","@id":"https:\/\/researchimpact.ca\/fr\/#website","url":"https:\/\/researchimpact.ca\/fr\/","name":"Research Impact Canada","description":"","publisher":{"@id":"https:\/\/researchimpact.ca\/fr\/#organization"},"potentialAction":[{"@type":"SearchAction","target":{"@type":"EntryPoint","urlTemplate":"https:\/\/researchimpact.ca\/fr\/?s={search_term_string}"},"query-input":{"@type":"PropertyValueSpecification","valueRequired":true,"valueName":"search_term_string"}}],"inLanguage":"fr-FR"},{"@type":"Organization","@id":"https:\/\/researchimpact.ca\/fr\/#organization","name":"Research Impact Canada","url":"https:\/\/researchimpact.ca\/fr\/","logo":{"@type":"ImageObject","inLanguage":"fr-FR","@id":"https:\/\/researchimpact.ca\/fr\/#\/schema\/logo\/image\/","url":"https:\/\/researchimpact.ca\/wp-content\/uploads\/RIC-FR-CMYK.jpg","contentUrl":"https:\/\/researchimpact.ca\/wp-content\/uploads\/RIC-FR-CMYK.jpg","width":286,"height":66,"caption":"Research Impact Canada"},"image":{"@id":"https:\/\/researchimpact.ca\/fr\/#\/schema\/logo\/image\/"}},{"@type":"Person","@id":"https:\/\/researchimpact.ca\/fr\/#\/schema\/person\/836cf0d03e4199b502bd93568fcc66f6","name":"Sandy Chan","url":"https:\/\/researchimpact.ca\/fr\/author\/sandy-chan\/"}]}},"_links":{"self":[{"href":"https:\/\/researchimpact.ca\/fr\/wp-json\/wp\/v2\/posts\/22391","targetHints":{"allow":["GET"]}}],"collection":[{"href":"https:\/\/researchimpact.ca\/fr\/wp-json\/wp\/v2\/posts"}],"about":[{"href":"https:\/\/researchimpact.ca\/fr\/wp-json\/wp\/v2\/types\/post"}],"author":[{"embeddable":true,"href":"https:\/\/researchimpact.ca\/fr\/wp-json\/wp\/v2\/users\/31"}],"replies":[{"embeddable":true,"href":"https:\/\/researchimpact.ca\/fr\/wp-json\/wp\/v2\/comments?post=22391"}],"version-history":[{"count":1,"href":"https:\/\/researchimpact.ca\/fr\/wp-json\/wp\/v2\/posts\/22391\/revisions"}],"predecessor-version":[{"id":22392,"href":"https:\/\/researchimpact.ca\/fr\/wp-json\/wp\/v2\/posts\/22391\/revisions\/22392"}],"wp:attachment":[{"href":"https:\/\/researchimpact.ca\/fr\/wp-json\/wp\/v2\/media?parent=22391"}],"wp:term":[{"taxonomy":"category","embeddable":true,"href":"https:\/\/researchimpact.ca\/fr\/wp-json\/wp\/v2\/categories?post=22391"},{"taxonomy":"post_tag","embeddable":true,"href":"https:\/\/researchimpact.ca\/fr\/wp-json\/wp\/v2\/tags?post=22391"}],"curies":[{"name":"wp","href":"https:\/\/api.w.org\/{rel}","templated":true}]}}